{"id":3254,"date":"2024-06-04T13:09:07","date_gmt":"2024-06-04T11:09:07","guid":{"rendered":"https:\/\/agora.xtec.cat\/escolapau\/?p=3254"},"modified":"2024-06-04T13:10:54","modified_gmt":"2024-06-04T11:10:54","slug":"reconeixment-sambori-segell-sambori-a-la-nostra-escola","status":"publish","type":"post","link":"https:\/\/agora.xtec.cat\/escolapau\/general\/reconeixment-sambori-segell-sambori-a-la-nostra-escola\/","title":{"rendered":"RECONEIXEMENT SAMBORI! SEGELL SAMBORI A LA NOSTRA ESCOLA"},"content":{"rendered":"<p>El passat dimecres 14 de maig vam anar a Santa Coloma de Farners a la Festa Sambori on es va presentar el projecte Pastora realitzat el curs 2022-2023. Just uns dies despr\u00e9s hem rebut la notificaci\u00f3 que el nostre projecte ha estat un dels projectes mencionats pel jurat Sambori d&#8217;enguany.<\/p>\n<p>El jurat Sambori t\u00e9 com a objectiu posar en valor aquells projectes que m\u00e9s s&#8217;adeq\u00fcen m\u00e9s a l&#8217;esperit del <span class=\"il\">Sambori<\/span> i en representen millor els valors. Us compartim la llista de centres mencionats entre els quals hi reconeixereu la nostra escola:<\/p>\n<div>\u00b7\u00a0<b>Un pont, un diable i una velleta<\/b><\/div>\n<div>Escola Vicente Aleixandre (Martorell)<\/div>\n<div><\/div>\n<div>\u00b7\u00a0<b>L&#8217;Escola JOR amb el festival ExAbrupto<\/b><\/div>\n<div>Escola Josep Orriols i Roca (Moi\u00e0)<\/div>\n<div><\/div>\n<div>\u00b7\u00a0<b>Flow Sani est\u00e0 en contra<\/b><\/div>\n<div>Institut Neus Catal\u00e0 (Cornell\u00e0 de Llobregat)<\/div>\n<div><\/div>\n<div>\u00b7\u00a0<b>Migraci\u00f3<\/b><br clear=\"all\" \/><\/p>\n<div>Escola Valldaura (Manresa)<\/div>\n<div><\/div>\n<div>\u00b7\u00a0<b>Parlem de bruixes<\/b><\/div>\n<div>Institut Mart\u00ed l&#8217;Hum\u00e0 (Montblanc)<\/div>\n<div><\/div>\n<div>\u00b7\u00a0<b>Projecte Pastora<\/b><\/div>\n<div>Escola Pau (Pau)<\/div>\n<div><\/div>\n<div>\u00b7\u00a0<b>Fets de Lleng\u00fces 2024<\/b><\/div>\n<div>Institut Miquel Tarradell (Barcelona) | Institut Escola Elisabets (Barcelona)| Sant Felip Neri (Barcelona)| Vedruna \u00c0ngels (Barcelona)| Escola Pia Sant Antoni (Barcelona)| Institut Mil\u00e0 i Fontanals (Barcelona)<\/div>\n<div><\/div>\n<div>\u00b7\u00a0<b>Projecte camins vells<\/b><\/div>\n<div>Escola Ridolaina (Montell\u00e0 i Martinet)<\/div>\n<div><\/div>\n<div>\u00b7\u00a0<b>El petit Congr\u00e9s<\/b><\/div>\n<div>Escola Doctor Samaranch i Fina (Santa Margarida i els Monjos)| Escola Sant Jordi (Sant Pau d&#8217;Ordal)| Escola Guerau de Peguera (Torrelles de Foix)| Escola Estalella i Graells (Vilafranca del Pened\u00e8s)|Escola Josep Balt\u00e0 i Elias (Vilafranca del Pened\u00e8s) | Sant Ramon de Penyafort (Vilafranca del Pened\u00e8s)| Escola Sant Dom\u00e8nec (La R\u00e0pita) | Sant Josep (Vilafranca del Pened\u00e8s)<\/div>\n<div><\/div>\n<div>\u00b7\u00a0<b>Pacificaci\u00f3 de la zona escolar a trav\u00e9s de la Transhum\u00e0ncia<\/b><\/div>\n<div>Escola Llu\u00e7an\u00e8s (Prats de Llu\u00e7an\u00e8s) | 8053005 &#8211; Institut Castell de Quer \u00a0(Prats de Llu\u00e7an\u00e8s) | EMAL, Escola de m\u00fasica i arts del Llu\u00e7an\u00e8s (Prats de Llu\u00e7an\u00e8s)<\/div>\n<\/div>\n<div><\/div>\n<p>Enhorabona a tots\/totes les mestres ,alumnes i col\u00b7laboradors per a fer-ho possible. Un any despr\u00e9s el projecte segueix donant els seus fruits fet que posa en valor el treball per projectes a la nostra escola i ens anima en un futur no lluny\u00e0 a projectar-ne d&#8217;altres similars! <a href=\"https:\/\/agora.xtec.cat\/escolapau\/wp-content\/uploads\/usu1926\/2024\/06\/Segell_Sambori_MENCIONAT.png\"><img loading=\"lazy\" decoding=\"async\" class=\"aligncenter size-full wp-image-3255\" src=\"https:\/\/agora.xtec.cat\/escolapau\/wp-content\/uploads\/usu1926\/2024\/06\/Segell_Sambori_MENCIONAT.png\" alt=\"\" width=\"1772\" height=\"1134\" srcset=\"https:\/\/agora.xtec.cat\/escolapau\/wp-content\/uploads\/usu1926\/2024\/06\/Segell_Sambori_MENCIONAT.png 1772w, https:\/\/agora.xtec.cat\/escolapau\/wp-content\/uploads\/usu1926\/2024\/06\/Segell_Sambori_MENCIONAT-300x192.png 300w, https:\/\/agora.xtec.cat\/escolapau\/wp-content\/uploads\/usu1926\/2024\/06\/Segell_Sambori_MENCIONAT-1024x655.png 1024w, https:\/\/agora.xtec.cat\/escolapau\/wp-content\/uploads\/usu1926\/2024\/06\/Segell_Sambori_MENCIONAT-768x491.png 768w, https:\/\/agora.xtec.cat\/escolapau\/wp-content\/uploads\/usu1926\/2024\/06\/Segell_Sambori_MENCIONAT-1536x983.png 1536w\" sizes=\"auto, (max-width: 1772px) 100vw, 1772px\" \/><\/a><\/p>\n","protected":false},"excerpt":{"rendered":"<p>El passat dimecres 14 de maig vam anar a Santa Coloma de Farners a la Festa Sambori on es va presentar el projecte Pastora realitzat el curs 2022-2023. Just uns dies despr\u00e9s hem rebut la notificaci\u00f3 que el nostre projecte ha estat un dels projectes&hellip;  <a href=\"https:\/\/agora.xtec.cat\/escolapau\/general\/reconeixment-sambori-segell-sambori-a-la-nostra-escola\/\" title=\"Read RECONEIXEMENT SAMBORI! SEGELL SAMBORI A LA NOSTRA ESCOLA\">Llegeix m\u00e9s\u00bb<\/a><\/p>\n","protected":false},"author":1,"featured_media":3255,"comment_status":"open","ping_status":"closed","sticky":false,"template":"","format":"standard","meta":{"_bbp_topic_count":0,"_bbp_reply_count":0,"_bbp_total_topic_count":0,"_bbp_total_reply_count":0,"_bbp_voice_count":0,"_bbp_anonymous_reply_count":0,"_bbp_topic_count_hidden":0,"_bbp_reply_count_hidden":0,"_bbp_forum_subforum_count":0,"footnotes":""},"categories":[1,4],"tags":[],"class_list":["post-3254","post","type-post","status-publish","format-standard","has-post-thumbnail","hentry","category-general","category-portada"],"post_mailing_queue_ids":[],"_links":{"self":[{"href":"https:\/\/agora.xtec.cat\/escolapau\/wp-json\/wp\/v2\/posts\/3254","targetHints":{"allow":["GET"]}}],"collection":[{"href":"https:\/\/agora.xtec.cat\/escolapau\/wp-json\/wp\/v2\/posts"}],"about":[{"href":"https:\/\/agora.xtec.cat\/escolapau\/wp-json\/wp\/v2\/types\/post"}],"author":[{"embeddable":true,"href":"https:\/\/agora.xtec.cat\/escolapau\/wp-json\/wp\/v2\/users\/1"}],"replies":[{"embeddable":true,"href":"https:\/\/agora.xtec.cat\/escolapau\/wp-json\/wp\/v2\/comments?post=3254"}],"version-history":[{"count":3,"href":"https:\/\/agora.xtec.cat\/escolapau\/wp-json\/wp\/v2\/posts\/3254\/revisions"}],"predecessor-version":[{"id":3258,"href":"https:\/\/agora.xtec.cat\/escolapau\/wp-json\/wp\/v2\/posts\/3254\/revisions\/3258"}],"wp:featuredmedia":[{"embeddable":true,"href":"https:\/\/agora.xtec.cat\/escolapau\/wp-json\/wp\/v2\/media\/3255"}],"wp:attachment":[{"href":"https:\/\/agora.xtec.cat\/escolapau\/wp-json\/wp\/v2\/media?parent=3254"}],"wp:term":[{"taxonomy":"category","embeddable":true,"href":"https:\/\/agora.xtec.cat\/escolapau\/wp-json\/wp\/v2\/categories?post=3254"},{"taxonomy":"post_tag","embeddable":true,"href":"https:\/\/agora.xtec.cat\/escolapau\/wp-json\/wp\/v2\/tags?post=3254"}],"curies":[{"name":"wp","href":"https:\/\/api.w.org\/{rel}","templated":true}]}}