{"id":3188,"date":"2024-03-14T16:13:12","date_gmt":"2024-03-14T15:13:12","guid":{"rendered":"https:\/\/agora.xtec.cat\/escolapau\/?p=3188"},"modified":"2024-03-14T16:13:12","modified_gmt":"2024-03-14T15:13:12","slug":"rodajoc-2024","status":"publish","type":"post","link":"https:\/\/agora.xtec.cat\/escolapau\/general\/rodajoc-2024\/","title":{"rendered":"Rodajoc 2024"},"content":{"rendered":"<p>Benvolgudes fam\u00edlies,<\/p>\n<p>com cada any hem participat de la jornada Rodajoc a la poblaci\u00f3 de Llan\u00e7\u00e0.<\/p>\n<p>Aquest projecte gira al voltant de la tem\u00e0tica dels jocs multiculturals i est\u00e0 impulsada per la DIputaci\u00f3 de Girona i gestionada pel Consell Esportiu de l&#8217;Alt Empord\u00e0. La filosofia del Rodajoc tamb\u00e9 es basa en utilitzar els espais p\u00fablics de la ciutat com a lloc de trobada, de joc, d\u2019esbarjo&#8230; dels nens i nenes. Per aix\u00f2 ens vam despla\u00e7ar a Llan\u00e7\u00e0 i vam poder compartir amb altres nenes i nens d&#8217;altres municipis de la zona els jocs destinats a con\u00e8ixer la cultura de joc dels 5 continents amb la intenci\u00f3 de fer ciutadans m\u00e9s justos i respectuosos amb les cultures que formen la nostra societat.<\/p>\n<p>S&#8217;ha de felicitar les monitores i monitors de batxillerat que han coordinat els diferents jocs, per la gesti\u00f3 dels grups i l&#8217;amabilitat en el tracte als alumnes de cicle mitj\u00e0 participants.<\/p>\n<p>Ens ho vam passar molt b\u00e9 i us en deixem una mostra en les fotos que podeu linkar en el seg\u00fcent enlla\u00e7.<\/p>\n<p><a href=\"https:\/\/drive.google.com\/drive\/folders\/1yjOOAR_VOCvaP6MQotvdQfgHuZ2UyNWT?usp=sharing\">Fotos Rodajoc<\/a><\/p>\n","protected":false},"excerpt":{"rendered":"<p>Benvolgudes fam\u00edlies,<br \/>\ncom cada any hem participat de la jornada Rodajoc a la poblaci\u00f3 de Llan\u00e7\u00e0.<br \/>\nAquest projecte gira al voltant de la tem\u00e0tica dels jocs multiculturals i est\u00e0 impulsada per la DIputaci\u00f3 de Girona i gestionada pel Consell Esportiu de l&#8217;Alt Empord\u00e0. La filosofia del Rodajoc&hellip;  <a href=\"https:\/\/agora.xtec.cat\/escolapau\/general\/rodajoc-2024\/\" title=\"Read Rodajoc 2024\">Llegeix m\u00e9s\u00bb<\/a><\/p>\n","protected":false},"author":1,"featured_media":3189,"comment_status":"open","ping_status":"closed","sticky":false,"template":"","format":"standard","meta":{"_bbp_topic_count":0,"_bbp_reply_count":0,"_bbp_total_topic_count":0,"_bbp_total_reply_count":0,"_bbp_voice_count":0,"_bbp_anonymous_reply_count":0,"_bbp_topic_count_hidden":0,"_bbp_reply_count_hidden":0,"_bbp_forum_subforum_count":0,"footnotes":""},"categories":[1,4],"tags":[],"class_list":["post-3188","post","type-post","status-publish","format-standard","has-post-thumbnail","hentry","category-general","category-portada"],"post_mailing_queue_ids":[],"_links":{"self":[{"href":"https:\/\/agora.xtec.cat\/escolapau\/wp-json\/wp\/v2\/posts\/3188","targetHints":{"allow":["GET"]}}],"collection":[{"href":"https:\/\/agora.xtec.cat\/escolapau\/wp-json\/wp\/v2\/posts"}],"about":[{"href":"https:\/\/agora.xtec.cat\/escolapau\/wp-json\/wp\/v2\/types\/post"}],"author":[{"embeddable":true,"href":"https:\/\/agora.xtec.cat\/escolapau\/wp-json\/wp\/v2\/users\/1"}],"replies":[{"embeddable":true,"href":"https:\/\/agora.xtec.cat\/escolapau\/wp-json\/wp\/v2\/comments?post=3188"}],"version-history":[{"count":1,"href":"https:\/\/agora.xtec.cat\/escolapau\/wp-json\/wp\/v2\/posts\/3188\/revisions"}],"predecessor-version":[{"id":3190,"href":"https:\/\/agora.xtec.cat\/escolapau\/wp-json\/wp\/v2\/posts\/3188\/revisions\/3190"}],"wp:featuredmedia":[{"embeddable":true,"href":"https:\/\/agora.xtec.cat\/escolapau\/wp-json\/wp\/v2\/media\/3189"}],"wp:attachment":[{"href":"https:\/\/agora.xtec.cat\/escolapau\/wp-json\/wp\/v2\/media?parent=3188"}],"wp:term":[{"taxonomy":"category","embeddable":true,"href":"https:\/\/agora.xtec.cat\/escolapau\/wp-json\/wp\/v2\/categories?post=3188"},{"taxonomy":"post_tag","embeddable":true,"href":"https:\/\/agora.xtec.cat\/escolapau\/wp-json\/wp\/v2\/tags?post=3188"}],"curies":[{"name":"wp","href":"https:\/\/api.w.org\/{rel}","templated":true}]}}