{"id":3158,"date":"2024-02-29T16:13:23","date_gmt":"2024-02-29T15:13:23","guid":{"rendered":"https:\/\/agora.xtec.cat\/escolapau\/?p=3158"},"modified":"2024-03-01T21:25:25","modified_gmt":"2024-03-01T20:25:25","slug":"correcull-2024","status":"publish","type":"post","link":"https:\/\/agora.xtec.cat\/escolapau\/general\/correcull-2024\/","title":{"rendered":"3\u00aa EDICI\u00d3 DEL CORRECULL"},"content":{"rendered":"<h2>El correcull \u00e9s una activitat iniciada per la Xarxa d\u2019Escoles de Cap de Creus. Es realitza a l&#8217;exterior de l&#8217;escola i consisteix en una recollida de brossa per l\u2019entorn.<\/h2>\n<p>El divendres 23 de febrer de 2024 va tenir lloc la tercera edici\u00f3 del Correcull realitzada pels nens i nenes de cicle superior de l&#8217;Escola de Pau.<\/p>\n<p>L&#8217;activitat va consistir en recollir el m\u00e0xim de brossa possible. L&#8217;alumnat va utilitzar pinces, guants i bosses per fer la recollida.<\/p>\n<p>Durant el mat\u00ed es van recollir 13,3 kg d&#8217;envasos lleugers, 2,5 kg de paper i cartr\u00f3, 12 kg de vidre i 38.7 kg d&#8217;altres residus ( una cadira, un tub, ferro, fusta &#8230;). Tamb\u00e9 vam trobar un abocador il\u00b7legal de runa. La brossa va ser pesada, classificada i reciclada a la deixalleria del poble el mateix dia a la tarda.<\/p>\n<p>Els i les alumnes van rec\u00f3rrer 2,14 km trobant un total de 66,8kg de brossa. Properament l&#8217;alumnat exposar\u00e0 les conclusions i propostes de millora a l&#8217;alcalde de Pau i al t\u00e8cnic de medi ambient de l\u2019Ajuntament.<\/p>\n<p>NOT\u00cdCIA REALITZADA PER L\u2019ALUMNAT DE CICLE SUPERIOR<\/p>\n<p>Fotografies del <a href=\"https:\/\/drive.google.com\/drive\/folders\/1-RYfOTKQif5FEne08LKOQ7xIe5uUXIdH\">correcull<\/a><\/p>\n","protected":false},"excerpt":{"rendered":"<p>El correcull \u00e9s una activitat iniciada per la Xarxa d\u2019Escoles de Cap de Creus. Es realitza a l&#8217;exterior de l&#8217;escola i consisteix en una recollida de brossa per l\u2019entorn.<br \/>\nEl divendres 23 de febrer de 2024 va tenir lloc la tercera edici\u00f3 del Correcull realitzada pels&hellip;  <a href=\"https:\/\/agora.xtec.cat\/escolapau\/general\/correcull-2024\/\" title=\"Read 3\u00aa EDICI\u00d3 DEL CORRECULL\">Llegeix m\u00e9s\u00bb<\/a><\/p>\n","protected":false},"author":1,"featured_media":3165,"comment_status":"open","ping_status":"closed","sticky":false,"template":"","format":"standard","meta":{"_bbp_topic_count":0,"_bbp_reply_count":0,"_bbp_total_topic_count":0,"_bbp_total_reply_count":0,"_bbp_voice_count":0,"_bbp_anonymous_reply_count":0,"_bbp_topic_count_hidden":0,"_bbp_reply_count_hidden":0,"_bbp_forum_subforum_count":0,"footnotes":""},"categories":[1,4],"tags":[],"class_list":["post-3158","post","type-post","status-publish","format-standard","has-post-thumbnail","hentry","category-general","category-portada"],"post_mailing_queue_ids":[],"_links":{"self":[{"href":"https:\/\/agora.xtec.cat\/escolapau\/wp-json\/wp\/v2\/posts\/3158","targetHints":{"allow":["GET"]}}],"collection":[{"href":"https:\/\/agora.xtec.cat\/escolapau\/wp-json\/wp\/v2\/posts"}],"about":[{"href":"https:\/\/agora.xtec.cat\/escolapau\/wp-json\/wp\/v2\/types\/post"}],"author":[{"embeddable":true,"href":"https:\/\/agora.xtec.cat\/escolapau\/wp-json\/wp\/v2\/users\/1"}],"replies":[{"embeddable":true,"href":"https:\/\/agora.xtec.cat\/escolapau\/wp-json\/wp\/v2\/comments?post=3158"}],"version-history":[{"count":6,"href":"https:\/\/agora.xtec.cat\/escolapau\/wp-json\/wp\/v2\/posts\/3158\/revisions"}],"predecessor-version":[{"id":3167,"href":"https:\/\/agora.xtec.cat\/escolapau\/wp-json\/wp\/v2\/posts\/3158\/revisions\/3167"}],"wp:featuredmedia":[{"embeddable":true,"href":"https:\/\/agora.xtec.cat\/escolapau\/wp-json\/wp\/v2\/media\/3165"}],"wp:attachment":[{"href":"https:\/\/agora.xtec.cat\/escolapau\/wp-json\/wp\/v2\/media?parent=3158"}],"wp:term":[{"taxonomy":"category","embeddable":true,"href":"https:\/\/agora.xtec.cat\/escolapau\/wp-json\/wp\/v2\/categories?post=3158"},{"taxonomy":"post_tag","embeddable":true,"href":"https:\/\/agora.xtec.cat\/escolapau\/wp-json\/wp\/v2\/tags?post=3158"}],"curies":[{"name":"wp","href":"https:\/\/api.w.org\/{rel}","templated":true}]}}