{"id":3145,"date":"2024-02-26T15:52:22","date_gmt":"2024-02-26T14:52:22","guid":{"rendered":"https:\/\/agora.xtec.cat\/escolapau\/?p=3145"},"modified":"2024-02-27T09:44:45","modified_gmt":"2024-02-27T08:44:45","slug":"celebrem-el","status":"publish","type":"post","link":"https:\/\/agora.xtec.cat\/escolapau\/general\/celebrem-el\/","title":{"rendered":"Celebrem el&#8230;"},"content":{"rendered":"<p><a href=\"https:\/\/agora.xtec.cat\/escolapau\/wp-content\/uploads\/usu1926\/2024\/02\/coollogo_com-3006813.gif\"><img loading=\"lazy\" decoding=\"async\" class=\"aligncenter size-full wp-image-3146\" src=\"https:\/\/agora.xtec.cat\/escolapau\/wp-content\/uploads\/usu1926\/2024\/02\/coollogo_com-3006813.gif\" alt=\"\" width=\"404\" height=\"146\" \/><\/a><\/p>\n<p>Aquest any la festa de Carnaval ha sigut molt i molt especial ja que hem celebrat la nostra primera rua, ball conjunt i batucada i les fam\u00edlies ens han acompanyat durant tota la festa.<\/p>\n<p>En assemblea general vam triar el tema de la disfressa d&#8217;entre les propostes sorgides per tot l&#8217;alumnat i a votaci\u00f3 popular va sortir : Els Quatre Elements (terra, aigua, aire i foc). Els nens i nenes han desenvolupat la seva creativitat en els tallers internivell que hem realitzat a les tardes.<\/p>\n<p>Va ser una festa genial i ja vam recollir noves propostes organitzades per al curs vinent!<\/p>\n<p>Gr\u00e0cies a tota la comunitat educativa per a fer-ho possible.<\/p>\n<p><a href=\"https:\/\/agora.xtec.cat\/escolapau\/wp-content\/uploads\/usu1926\/2024\/02\/WhatsApp-Image-2024-02-22-at-13.53.15.jpeg\"><img loading=\"lazy\" decoding=\"async\" class=\"aligncenter size-full wp-image-3151\" src=\"https:\/\/agora.xtec.cat\/escolapau\/wp-content\/uploads\/usu1926\/2024\/02\/WhatsApp-Image-2024-02-22-at-13.53.15.jpeg\" alt=\"\" width=\"499\" height=\"957\" srcset=\"https:\/\/agora.xtec.cat\/escolapau\/wp-content\/uploads\/usu1926\/2024\/02\/WhatsApp-Image-2024-02-22-at-13.53.15.jpeg 499w, https:\/\/agora.xtec.cat\/escolapau\/wp-content\/uploads\/usu1926\/2024\/02\/WhatsApp-Image-2024-02-22-at-13.53.15-156x300.jpeg 156w\" sizes=\"auto, (max-width: 499px) 100vw, 499px\" \/><\/a>Tota l&#8217;escola hem preparat una dansa per ensenyar a les fam\u00edlies i l&#8217;alumnat de cicle mitj\u00e0 i superior va fer una magn\u00edfica batucada que van preparar amb la mestra de m\u00fasica amb l&#8217;acompanyament final de cicle inicial i educaci\u00f3 infantil!<\/p>\n<p>L&#8217;AFA s&#8217;ha encarregat del moment dol\u00e7 de la festa convidant a tots els assistents amb una xocolatada amb melindros&#8230; Bon\u00edssima!<\/p>\n<p><a href=\"https:\/\/drive.google.com\/drive\/folders\/15ntf2lZjCzM7J_HmDZ5sVOxhlSEL0bjU?usp=sharing\">Fotos Carnestoltes<\/a><\/p>\n","protected":false},"excerpt":{"rendered":"<p><a href=\"https:\/\/agora.xtec.cat\/escolapau\/wp-content\/uploads\/usu1926\/2024\/02\/coollogo_com-3006813.gif\"><\/a><br \/>\nAquest any la festa de Carnaval ha sigut molt i molt especial ja que hem celebrat la nostra primera rua, ball conjunt i batucada i les fam\u00edlies ens han acompanyat durant tota la festa.<br \/>\nEn assemblea general vam triar el tema de la disfressa d&#8217;entre&hellip;  <a href=\"https:\/\/agora.xtec.cat\/escolapau\/general\/celebrem-el\/\" title=\"Read Celebrem el&#8230;\">Llegeix m\u00e9s\u00bb<\/a><\/p>\n","protected":false},"author":1,"featured_media":3151,"comment_status":"open","ping_status":"closed","sticky":false,"template":"","format":"standard","meta":{"_bbp_topic_count":0,"_bbp_reply_count":0,"_bbp_total_topic_count":0,"_bbp_total_reply_count":0,"_bbp_voice_count":0,"_bbp_anonymous_reply_count":0,"_bbp_topic_count_hidden":0,"_bbp_reply_count_hidden":0,"_bbp_forum_subforum_count":0,"footnotes":""},"categories":[1,4],"tags":[],"class_list":["post-3145","post","type-post","status-publish","format-standard","has-post-thumbnail","hentry","category-general","category-portada"],"post_mailing_queue_ids":[],"_links":{"self":[{"href":"https:\/\/agora.xtec.cat\/escolapau\/wp-json\/wp\/v2\/posts\/3145","targetHints":{"allow":["GET"]}}],"collection":[{"href":"https:\/\/agora.xtec.cat\/escolapau\/wp-json\/wp\/v2\/posts"}],"about":[{"href":"https:\/\/agora.xtec.cat\/escolapau\/wp-json\/wp\/v2\/types\/post"}],"author":[{"embeddable":true,"href":"https:\/\/agora.xtec.cat\/escolapau\/wp-json\/wp\/v2\/users\/1"}],"replies":[{"embeddable":true,"href":"https:\/\/agora.xtec.cat\/escolapau\/wp-json\/wp\/v2\/comments?post=3145"}],"version-history":[{"count":6,"href":"https:\/\/agora.xtec.cat\/escolapau\/wp-json\/wp\/v2\/posts\/3145\/revisions"}],"predecessor-version":[{"id":3157,"href":"https:\/\/agora.xtec.cat\/escolapau\/wp-json\/wp\/v2\/posts\/3145\/revisions\/3157"}],"wp:featuredmedia":[{"embeddable":true,"href":"https:\/\/agora.xtec.cat\/escolapau\/wp-json\/wp\/v2\/media\/3151"}],"wp:attachment":[{"href":"https:\/\/agora.xtec.cat\/escolapau\/wp-json\/wp\/v2\/media?parent=3145"}],"wp:term":[{"taxonomy":"category","embeddable":true,"href":"https:\/\/agora.xtec.cat\/escolapau\/wp-json\/wp\/v2\/categories?post=3145"},{"taxonomy":"post_tag","embeddable":true,"href":"https:\/\/agora.xtec.cat\/escolapau\/wp-json\/wp\/v2\/tags?post=3145"}],"curies":[{"name":"wp","href":"https:\/\/api.w.org\/{rel}","templated":true}]}}