{"id":3058,"date":"2023-09-26T21:09:06","date_gmt":"2023-09-26T19:09:06","guid":{"rendered":"https:\/\/agora.xtec.cat\/escolapau\/?p=3058"},"modified":"2023-09-29T23:37:03","modified_gmt":"2023-09-29T21:37:03","slug":"excursio-a-port-de-la-selva","status":"publish","type":"post","link":"https:\/\/agora.xtec.cat\/escolapau\/general\/excursio-a-port-de-la-selva\/","title":{"rendered":"Excursi\u00f3 a Port de la Selva"},"content":{"rendered":"<p><a href=\"https:\/\/agora.xtec.cat\/escolapau\/wp-content\/uploads\/usu1926\/2023\/09\/WhatsApp-Image-2023-09-29-at-17.24.10.jpeg\"><img loading=\"lazy\" decoding=\"async\" class=\"aligncenter size-full wp-image-3068\" src=\"https:\/\/agora.xtec.cat\/escolapau\/wp-content\/uploads\/usu1926\/2023\/09\/WhatsApp-Image-2023-09-29-at-17.24.10.jpeg\" alt=\"\" width=\"2048\" height=\"1536\" srcset=\"https:\/\/agora.xtec.cat\/escolapau\/wp-content\/uploads\/usu1926\/2023\/09\/WhatsApp-Image-2023-09-29-at-17.24.10.jpeg 2048w, https:\/\/agora.xtec.cat\/escolapau\/wp-content\/uploads\/usu1926\/2023\/09\/WhatsApp-Image-2023-09-29-at-17.24.10-300x225.jpeg 300w, https:\/\/agora.xtec.cat\/escolapau\/wp-content\/uploads\/usu1926\/2023\/09\/WhatsApp-Image-2023-09-29-at-17.24.10-1024x768.jpeg 1024w, https:\/\/agora.xtec.cat\/escolapau\/wp-content\/uploads\/usu1926\/2023\/09\/WhatsApp-Image-2023-09-29-at-17.24.10-768x576.jpeg 768w, https:\/\/agora.xtec.cat\/escolapau\/wp-content\/uploads\/usu1926\/2023\/09\/WhatsApp-Image-2023-09-29-at-17.24.10-1536x1152.jpeg 1536w, https:\/\/agora.xtec.cat\/escolapau\/wp-content\/uploads\/usu1926\/2023\/09\/WhatsApp-Image-2023-09-29-at-17.24.10-200x150.jpeg 200w\" sizes=\"auto, (max-width: 2048px) 100vw, 2048px\" \/><\/a>El passat divendres 22 vam realitzar la primera excursi\u00f3 del curs. Tots i totes vam anar a Port de la Selva a descobrir els secrets del mar i de la platja.<\/p>\n<p>L&#8217;alumnat de cicle Superior va fer una ruta de snorkel a la platja Tamariua i tots els altres vam fer descoberta de la platja i les roques a la platja de les Violetes. Tothom que va voler es va remullar i vam gaudir d&#8217;un dia fant\u00e0stic.<\/p>\n<p>El claustre va fer una sessi\u00f3 pr\u00e8via de formaci\u00f3 per dinamitzar els diferents jocs i activitats que vam dur a terme. Vam comptar amb dues monitores de natura especialitzades de l&#8217;Associaci\u00f3 La Sorellona.<\/p>\n<p>Aquesta sortida forma part del projecte que duem a terme amb la XARXA D&#8217;ESCOLES DEL PARC NATURAL DEL CAP DE CREUS. Dins d&#8217;aquest projecte hem executat altres activitats a l&#8217;aula des de l&#8217;\u00e0rea de pl\u00e0stica, llengua estrangera, catalana, medi&#8230;<\/p>\n<p>Aqu\u00ed teniu l&#8217;enlla\u00e7 de les fotos per si voleu mirar-les amb els vostres fills i filles \ud83d\ude42<\/p>\n<p><a href=\"https:\/\/drive.google.com\/drive\/folders\/1fcWIHkFUaCP6nyV-fViMv3Cop5eiS7i9?usp=drive_link\">Fotos Port de la Selva<\/a><\/p>\n<p>&nbsp;<\/p>\n","protected":false},"excerpt":{"rendered":"<p><a href=\"https:\/\/agora.xtec.cat\/escolapau\/wp-content\/uploads\/usu1926\/2023\/09\/WhatsApp-Image-2023-09-29-at-17.24.10.jpeg\"><\/a>El passat divendres 22 vam realitzar la primera excursi\u00f3 del curs. Tots i totes vam anar a Port de la Selva a descobrir els secrets del mar i de la platja.<br \/>\nL&#8217;alumnat de cicle Superior va fer una ruta de snorkel a la platja Tamariua&hellip;  <a href=\"https:\/\/agora.xtec.cat\/escolapau\/general\/excursio-a-port-de-la-selva\/\" title=\"Read Excursi\u00f3 a Port de la Selva\">Llegeix m\u00e9s\u00bb<\/a><\/p>\n","protected":false},"author":1,"featured_media":3070,"comment_status":"open","ping_status":"closed","sticky":false,"template":"","format":"standard","meta":{"_bbp_topic_count":0,"_bbp_reply_count":0,"_bbp_total_topic_count":0,"_bbp_total_reply_count":0,"_bbp_voice_count":0,"_bbp_anonymous_reply_count":0,"_bbp_topic_count_hidden":0,"_bbp_reply_count_hidden":0,"_bbp_forum_subforum_count":0,"footnotes":""},"categories":[1,4],"tags":[],"class_list":["post-3058","post","type-post","status-publish","format-standard","has-post-thumbnail","hentry","category-general","category-portada"],"post_mailing_queue_ids":[],"_links":{"self":[{"href":"https:\/\/agora.xtec.cat\/escolapau\/wp-json\/wp\/v2\/posts\/3058","targetHints":{"allow":["GET"]}}],"collection":[{"href":"https:\/\/agora.xtec.cat\/escolapau\/wp-json\/wp\/v2\/posts"}],"about":[{"href":"https:\/\/agora.xtec.cat\/escolapau\/wp-json\/wp\/v2\/types\/post"}],"author":[{"embeddable":true,"href":"https:\/\/agora.xtec.cat\/escolapau\/wp-json\/wp\/v2\/users\/1"}],"replies":[{"embeddable":true,"href":"https:\/\/agora.xtec.cat\/escolapau\/wp-json\/wp\/v2\/comments?post=3058"}],"version-history":[{"count":4,"href":"https:\/\/agora.xtec.cat\/escolapau\/wp-json\/wp\/v2\/posts\/3058\/revisions"}],"predecessor-version":[{"id":3069,"href":"https:\/\/agora.xtec.cat\/escolapau\/wp-json\/wp\/v2\/posts\/3058\/revisions\/3069"}],"wp:featuredmedia":[{"embeddable":true,"href":"https:\/\/agora.xtec.cat\/escolapau\/wp-json\/wp\/v2\/media\/3070"}],"wp:attachment":[{"href":"https:\/\/agora.xtec.cat\/escolapau\/wp-json\/wp\/v2\/media?parent=3058"}],"wp:term":[{"taxonomy":"category","embeddable":true,"href":"https:\/\/agora.xtec.cat\/escolapau\/wp-json\/wp\/v2\/categories?post=3058"},{"taxonomy":"post_tag","embeddable":true,"href":"https:\/\/agora.xtec.cat\/escolapau\/wp-json\/wp\/v2\/tags?post=3058"}],"curies":[{"name":"wp","href":"https:\/\/api.w.org\/{rel}","templated":true}]}}