{"id":3053,"date":"2023-09-12T16:14:25","date_gmt":"2023-09-12T14:14:25","guid":{"rendered":"https:\/\/agora.xtec.cat\/escolapau\/?p=3053"},"modified":"2023-09-12T16:14:25","modified_gmt":"2023-09-12T14:14:25","slug":"comencem","status":"publish","type":"post","link":"https:\/\/agora.xtec.cat\/escolapau\/general\/comencem\/","title":{"rendered":"Comencem!!!!"},"content":{"rendered":"<p>6 de setembre 2023, iniciem\u00a0 un nou curs ple de sorpreses i per retrobar-nos amb els companys\/es i les mestres qu\u00e8 millor que una festa per acomiadar l&#8217;estiu:<\/p>\n<p><a href=\"https:\/\/agora.xtec.cat\/escolapau\/wp-content\/uploads\/usu1926\/2023\/09\/coollogo_com-159001303.png\"><img loading=\"lazy\" decoding=\"async\" class=\"aligncenter size-full wp-image-3054\" src=\"https:\/\/agora.xtec.cat\/escolapau\/wp-content\/uploads\/usu1926\/2023\/09\/coollogo_com-159001303.png\" alt=\"\" width=\"606\" height=\"74\" srcset=\"https:\/\/agora.xtec.cat\/escolapau\/wp-content\/uploads\/usu1926\/2023\/09\/coollogo_com-159001303.png 606w, https:\/\/agora.xtec.cat\/escolapau\/wp-content\/uploads\/usu1926\/2023\/09\/coollogo_com-159001303-300x37.png 300w\" sizes=\"auto, (max-width: 606px) 100vw, 606px\" \/><\/a><\/p>\n<p>Una vegada feta la benvinguda dels nous alumnes i mestres ens vam distribuir per grups d&#8217;edats barrejades i vam realitzar diferents tallers de decoraci\u00f3 i complement, un d&#8217;ells en angl\u00e8s, &#8220;How to make a Hawaian necklace&#8221;. A la tarda, ens vam prendre els sucs de taronja que hav\u00edem fet amb la m\u00fasica hawaiana de fons.<\/p>\n<p>No deixeu de mirar les fotos que ens van fer per immortalitzar el primer dia de curs<\/p>\n<p><a href=\"https:\/\/drive.google.com\/drive\/folders\/10veHFSLpfmlAF49UZOpvombJpTWwBLKQ?usp=sharing\">Fotos. BYE, BYE SUMMER<\/a><\/p>\n","protected":false},"excerpt":{"rendered":"<p>6 de setembre 2023, iniciem\u00a0 un nou curs ple de sorpreses i per retrobar-nos amb els companys\/es i les mestres qu\u00e8 millor que una festa per acomiadar l&#8217;estiu:<br \/>\n<a href=\"https:\/\/agora.xtec.cat\/escolapau\/wp-content\/uploads\/usu1926\/2023\/09\/coollogo_com-159001303.png\"><\/a><br \/>\nUna vegada feta la benvinguda dels nous alumnes i mestres ens vam distribuir per grups d&#8217;edats barrejades&hellip;  <a href=\"https:\/\/agora.xtec.cat\/escolapau\/general\/comencem\/\" title=\"Read Comencem!!!!\">Llegeix m\u00e9s\u00bb<\/a><\/p>\n","protected":false},"author":1,"featured_media":3054,"comment_status":"open","ping_status":"closed","sticky":false,"template":"","format":"standard","meta":{"_bbp_topic_count":0,"_bbp_reply_count":0,"_bbp_total_topic_count":0,"_bbp_total_reply_count":0,"_bbp_voice_count":0,"_bbp_anonymous_reply_count":0,"_bbp_topic_count_hidden":0,"_bbp_reply_count_hidden":0,"_bbp_forum_subforum_count":0,"footnotes":""},"categories":[1,4],"tags":[],"class_list":["post-3053","post","type-post","status-publish","format-standard","has-post-thumbnail","hentry","category-general","category-portada"],"post_mailing_queue_ids":[],"_links":{"self":[{"href":"https:\/\/agora.xtec.cat\/escolapau\/wp-json\/wp\/v2\/posts\/3053","targetHints":{"allow":["GET"]}}],"collection":[{"href":"https:\/\/agora.xtec.cat\/escolapau\/wp-json\/wp\/v2\/posts"}],"about":[{"href":"https:\/\/agora.xtec.cat\/escolapau\/wp-json\/wp\/v2\/types\/post"}],"author":[{"embeddable":true,"href":"https:\/\/agora.xtec.cat\/escolapau\/wp-json\/wp\/v2\/users\/1"}],"replies":[{"embeddable":true,"href":"https:\/\/agora.xtec.cat\/escolapau\/wp-json\/wp\/v2\/comments?post=3053"}],"version-history":[{"count":3,"href":"https:\/\/agora.xtec.cat\/escolapau\/wp-json\/wp\/v2\/posts\/3053\/revisions"}],"predecessor-version":[{"id":3057,"href":"https:\/\/agora.xtec.cat\/escolapau\/wp-json\/wp\/v2\/posts\/3053\/revisions\/3057"}],"wp:featuredmedia":[{"embeddable":true,"href":"https:\/\/agora.xtec.cat\/escolapau\/wp-json\/wp\/v2\/media\/3054"}],"wp:attachment":[{"href":"https:\/\/agora.xtec.cat\/escolapau\/wp-json\/wp\/v2\/media?parent=3053"}],"wp:term":[{"taxonomy":"category","embeddable":true,"href":"https:\/\/agora.xtec.cat\/escolapau\/wp-json\/wp\/v2\/categories?post=3053"},{"taxonomy":"post_tag","embeddable":true,"href":"https:\/\/agora.xtec.cat\/escolapau\/wp-json\/wp\/v2\/tags?post=3053"}],"curies":[{"name":"wp","href":"https:\/\/api.w.org\/{rel}","templated":true}]}}