{"id":3028,"date":"2023-06-26T13:22:55","date_gmt":"2023-06-26T11:22:55","guid":{"rendered":"https:\/\/agora.xtec.cat\/escolapau\/?p=3028"},"modified":"2023-06-26T13:22:55","modified_gmt":"2023-06-26T11:22:55","slug":"lliurament-de-premis-del-44e-concurs-per-a-la-joventut-de-lalt-emporda","status":"publish","type":"post","link":"https:\/\/agora.xtec.cat\/escolapau\/general\/lliurament-de-premis-del-44e-concurs-per-a-la-joventut-de-lalt-emporda\/","title":{"rendered":"Lliurament de premis del 44\u00e8 Concurs per a la Joventut de l&#8217;Alt Empord\u00e0"},"content":{"rendered":"<p>Malgrat haver acabat el curs escolar, no us en podeu anar de vacances sense saber que els nostres alumnes Lau Mas\u00f3 Camps, Aroa Hereu Mart\u00ednez i Cl\u00e0udia Guerra Casas han estat premiats en el PREMI MARIA VERDAGUER DE CREACI\u00d3 LITER\u00c0RIA que organitza \u00d2mnium Cultural Alt Empord\u00e0.<\/p>\n<p>L&#8217;entrega de premis va tenir lloc el passat dissabte 17 de maig a la Casa de Cultura de Llan\u00e7\u00e0.<\/p>\n<p>Enhorabona als premiats i premiades i a tot l&#8217;alumnat participant!.<\/p>\n<p>Podeu veure <a href=\"https:\/\/drive.google.com\/drive\/folders\/1-HDSfuNmdQHZfCPm59kd1n887xqoQHbp?usp=sharing\">fotografies<\/a> de l&#8217;acte i us deixem tamb\u00e9 l<a href=\"https:\/\/www.emporda.info\/cultura\/2023\/06\/21\/descobriu-nom-dels-guanyadors-44e-88965146.html\">&#8216;enlla\u00e7<\/a> a la not\u00edcia digital al setmana Empord\u00e0!<\/p>\n","protected":false},"excerpt":{"rendered":"<p>Malgrat haver acabat el curs escolar, no us en podeu anar de vacances sense saber que els nostres alumnes Lau Mas\u00f3 Camps, Aroa Hereu Mart\u00ednez i Cl\u00e0udia Guerra Casas han estat premiats en el PREMI MARIA VERDAGUER DE CREACI\u00d3 LITER\u00c0RIA que organitza \u00d2mnium Cultural Alt&hellip;  <a href=\"https:\/\/agora.xtec.cat\/escolapau\/general\/lliurament-de-premis-del-44e-concurs-per-a-la-joventut-de-lalt-emporda\/\" title=\"Read Lliurament de premis del 44\u00e8 Concurs per a la Joventut de l&#8217;Alt Empord\u00e0\">Llegeix m\u00e9s\u00bb<\/a><\/p>\n","protected":false},"author":1,"featured_media":3030,"comment_status":"open","ping_status":"closed","sticky":false,"template":"","format":"standard","meta":{"_bbp_topic_count":0,"_bbp_reply_count":0,"_bbp_total_topic_count":0,"_bbp_total_reply_count":0,"_bbp_voice_count":0,"_bbp_anonymous_reply_count":0,"_bbp_topic_count_hidden":0,"_bbp_reply_count_hidden":0,"_bbp_forum_subforum_count":0,"footnotes":""},"categories":[1,4],"tags":[],"class_list":["post-3028","post","type-post","status-publish","format-standard","has-post-thumbnail","hentry","category-general","category-portada"],"post_mailing_queue_ids":[],"_links":{"self":[{"href":"https:\/\/agora.xtec.cat\/escolapau\/wp-json\/wp\/v2\/posts\/3028","targetHints":{"allow":["GET"]}}],"collection":[{"href":"https:\/\/agora.xtec.cat\/escolapau\/wp-json\/wp\/v2\/posts"}],"about":[{"href":"https:\/\/agora.xtec.cat\/escolapau\/wp-json\/wp\/v2\/types\/post"}],"author":[{"embeddable":true,"href":"https:\/\/agora.xtec.cat\/escolapau\/wp-json\/wp\/v2\/users\/1"}],"replies":[{"embeddable":true,"href":"https:\/\/agora.xtec.cat\/escolapau\/wp-json\/wp\/v2\/comments?post=3028"}],"version-history":[{"count":1,"href":"https:\/\/agora.xtec.cat\/escolapau\/wp-json\/wp\/v2\/posts\/3028\/revisions"}],"predecessor-version":[{"id":3031,"href":"https:\/\/agora.xtec.cat\/escolapau\/wp-json\/wp\/v2\/posts\/3028\/revisions\/3031"}],"wp:featuredmedia":[{"embeddable":true,"href":"https:\/\/agora.xtec.cat\/escolapau\/wp-json\/wp\/v2\/media\/3030"}],"wp:attachment":[{"href":"https:\/\/agora.xtec.cat\/escolapau\/wp-json\/wp\/v2\/media?parent=3028"}],"wp:term":[{"taxonomy":"category","embeddable":true,"href":"https:\/\/agora.xtec.cat\/escolapau\/wp-json\/wp\/v2\/categories?post=3028"},{"taxonomy":"post_tag","embeddable":true,"href":"https:\/\/agora.xtec.cat\/escolapau\/wp-json\/wp\/v2\/tags?post=3028"}],"curies":[{"name":"wp","href":"https:\/\/api.w.org\/{rel}","templated":true}]}}