{"id":2991,"date":"2023-06-02T08:57:57","date_gmt":"2023-06-02T06:57:57","guid":{"rendered":"https:\/\/agora.xtec.cat\/escolapau\/?p=2991"},"modified":"2023-06-02T08:57:57","modified_gmt":"2023-06-02T06:57:57","slug":"anellament-de-les-cigonyes-a-peralada","status":"publish","type":"post","link":"https:\/\/agora.xtec.cat\/escolapau\/general\/anellament-de-les-cigonyes-a-peralada\/","title":{"rendered":"ANELLAMENT DE LES CIGONYES A PERALADA"},"content":{"rendered":"<p><a href=\"https:\/\/agora.xtec.cat\/escolapau\/wp-content\/uploads\/usu1926\/2023\/05\/WhatsApp-Image-2023-05-30-at-14.27.51.jpeg\"><img loading=\"lazy\" decoding=\"async\" class=\"aligncenter size-full wp-image-2994\" src=\"https:\/\/agora.xtec.cat\/escolapau\/wp-content\/uploads\/usu1926\/2023\/05\/WhatsApp-Image-2023-05-30-at-14.27.51.jpeg\" alt=\"\" width=\"1600\" height=\"738\" srcset=\"https:\/\/agora.xtec.cat\/escolapau\/wp-content\/uploads\/usu1926\/2023\/05\/WhatsApp-Image-2023-05-30-at-14.27.51.jpeg 1600w, https:\/\/agora.xtec.cat\/escolapau\/wp-content\/uploads\/usu1926\/2023\/05\/WhatsApp-Image-2023-05-30-at-14.27.51-300x138.jpeg 300w, https:\/\/agora.xtec.cat\/escolapau\/wp-content\/uploads\/usu1926\/2023\/05\/WhatsApp-Image-2023-05-30-at-14.27.51-1024x472.jpeg 1024w, https:\/\/agora.xtec.cat\/escolapau\/wp-content\/uploads\/usu1926\/2023\/05\/WhatsApp-Image-2023-05-30-at-14.27.51-768x354.jpeg 768w, https:\/\/agora.xtec.cat\/escolapau\/wp-content\/uploads\/usu1926\/2023\/05\/WhatsApp-Image-2023-05-30-at-14.27.51-1536x708.jpeg 1536w\" sizes=\"auto, (max-width: 1600px) 100vw, 1600px\" \/><\/a>El passat divendres 26 de maig tota l&#8217;escola vam anar a l&#8217; ANELLAMENT DE LES CIGONYES que cada any t\u00e9 lloc al Castell de Peralada.<\/p>\n<p>A l&#8217;escola, pr\u00e8viament a la sortida, vam aprendre moltes coses sobre aquests ocells migratoris que formen una col\u00f2nia a Peralada. All\u00e0 vam veure les cries d&#8217;un mes d&#8217;edat i les vam poder tocar. Tamb\u00e9 vam veure com les anellaven i vam apadrinar a la cigonya 100 amb el nom de PAU.<\/p>\n<p>A m\u00e9s, a m\u00e9s, vam veure dos espectacles, un de teatral i un de musical sobre la tem\u00e0tica de les cigonyes i la cura del medi ambient.<\/p>\n<p>Entre les m\u00e9s de 12 escoles participants es va realitzar un concurs de dibuix de cigonyes i les nostres alumnes d\u2019Infantil, Gala de P-5 i Carla de P-3 van ser les guanyadores de les seva categoria!<\/p>\n<p>Les felicitem!!<\/p>\n<p><a href=\"https:\/\/drive.google.com\/drive\/folders\/1_wy93cmPDLQa9Wb_jOuvquRUNc-N6whi?usp=sharing\">Fotos Peralada<\/a><\/p>\n","protected":false},"excerpt":{"rendered":"<p><a href=\"https:\/\/agora.xtec.cat\/escolapau\/wp-content\/uploads\/usu1926\/2023\/05\/WhatsApp-Image-2023-05-30-at-14.27.51.jpeg\"><\/a>El passat divendres 26 de maig tota l&#8217;escola vam anar a l&#8217; ANELLAMENT DE LES CIGONYES que cada any t\u00e9 lloc al Castell de Peralada.<br \/>\nA l&#8217;escola, pr\u00e8viament a la sortida, vam aprendre moltes coses sobre aquests ocells migratoris que formen una col\u00f2nia a Peralada.&hellip;  <a href=\"https:\/\/agora.xtec.cat\/escolapau\/general\/anellament-de-les-cigonyes-a-peralada\/\" title=\"Read ANELLAMENT DE LES CIGONYES A PERALADA\">Llegeix m\u00e9s\u00bb<\/a><\/p>\n","protected":false},"author":1,"featured_media":2994,"comment_status":"open","ping_status":"closed","sticky":false,"template":"","format":"standard","meta":{"_bbp_topic_count":0,"_bbp_reply_count":0,"_bbp_total_topic_count":0,"_bbp_total_reply_count":0,"_bbp_voice_count":0,"_bbp_anonymous_reply_count":0,"_bbp_topic_count_hidden":0,"_bbp_reply_count_hidden":0,"_bbp_forum_subforum_count":0,"footnotes":""},"categories":[1,4],"tags":[],"class_list":["post-2991","post","type-post","status-publish","format-standard","has-post-thumbnail","hentry","category-general","category-portada"],"post_mailing_queue_ids":[],"_links":{"self":[{"href":"https:\/\/agora.xtec.cat\/escolapau\/wp-json\/wp\/v2\/posts\/2991","targetHints":{"allow":["GET"]}}],"collection":[{"href":"https:\/\/agora.xtec.cat\/escolapau\/wp-json\/wp\/v2\/posts"}],"about":[{"href":"https:\/\/agora.xtec.cat\/escolapau\/wp-json\/wp\/v2\/types\/post"}],"author":[{"embeddable":true,"href":"https:\/\/agora.xtec.cat\/escolapau\/wp-json\/wp\/v2\/users\/1"}],"replies":[{"embeddable":true,"href":"https:\/\/agora.xtec.cat\/escolapau\/wp-json\/wp\/v2\/comments?post=2991"}],"version-history":[{"count":3,"href":"https:\/\/agora.xtec.cat\/escolapau\/wp-json\/wp\/v2\/posts\/2991\/revisions"}],"predecessor-version":[{"id":2999,"href":"https:\/\/agora.xtec.cat\/escolapau\/wp-json\/wp\/v2\/posts\/2991\/revisions\/2999"}],"wp:featuredmedia":[{"embeddable":true,"href":"https:\/\/agora.xtec.cat\/escolapau\/wp-json\/wp\/v2\/media\/2994"}],"wp:attachment":[{"href":"https:\/\/agora.xtec.cat\/escolapau\/wp-json\/wp\/v2\/media?parent=2991"}],"wp:term":[{"taxonomy":"category","embeddable":true,"href":"https:\/\/agora.xtec.cat\/escolapau\/wp-json\/wp\/v2\/categories?post=2991"},{"taxonomy":"post_tag","embeddable":true,"href":"https:\/\/agora.xtec.cat\/escolapau\/wp-json\/wp\/v2\/tags?post=2991"}],"curies":[{"name":"wp","href":"https:\/\/api.w.org\/{rel}","templated":true}]}}