{"id":2979,"date":"2023-05-23T16:44:24","date_gmt":"2023-05-23T14:44:24","guid":{"rendered":"https:\/\/agora.xtec.cat\/escolapau\/?p=2979"},"modified":"2023-05-23T16:45:31","modified_gmt":"2023-05-23T14:45:31","slug":"som-parcc-xarxa-descoles-de-cap-de-creus","status":"publish","type":"post","link":"https:\/\/agora.xtec.cat\/escolapau\/general\/som-parcc-xarxa-descoles-de-cap-de-creus\/","title":{"rendered":"Som ParCC. Xarxa d&#8217;escoles de Cap de Creus."},"content":{"rendered":"<p style=\"text-align: left;\"><a href=\"https:\/\/agora.xtec.cat\/escolapau\/wp-content\/uploads\/usu1926\/2023\/05\/WhatsApp-Image-2023-05-23-at-16.13.23.jpeg\"><img loading=\"lazy\" decoding=\"async\" class=\"aligncenter size-full wp-image-2982\" src=\"https:\/\/agora.xtec.cat\/escolapau\/wp-content\/uploads\/usu1926\/2023\/05\/WhatsApp-Image-2023-05-23-at-16.13.23.jpeg\" alt=\"\" width=\"1600\" height=\"738\" srcset=\"https:\/\/agora.xtec.cat\/escolapau\/wp-content\/uploads\/usu1926\/2023\/05\/WhatsApp-Image-2023-05-23-at-16.13.23.jpeg 1600w, https:\/\/agora.xtec.cat\/escolapau\/wp-content\/uploads\/usu1926\/2023\/05\/WhatsApp-Image-2023-05-23-at-16.13.23-300x138.jpeg 300w, https:\/\/agora.xtec.cat\/escolapau\/wp-content\/uploads\/usu1926\/2023\/05\/WhatsApp-Image-2023-05-23-at-16.13.23-1024x472.jpeg 1024w, https:\/\/agora.xtec.cat\/escolapau\/wp-content\/uploads\/usu1926\/2023\/05\/WhatsApp-Image-2023-05-23-at-16.13.23-768x354.jpeg 768w, https:\/\/agora.xtec.cat\/escolapau\/wp-content\/uploads\/usu1926\/2023\/05\/WhatsApp-Image-2023-05-23-at-16.13.23-1536x708.jpeg 1536w\" sizes=\"auto, (max-width: 1600px) 100vw, 1600px\" \/><\/a>Avui l&#8217;alumnat de cicle superior ha fet el tancament de les diferents activitats de natura, coneixement i cura de l&#8217;entorn proper que hem anat realitzant al llarg del curs. El tancament s&#8217;ha dut a terme participant en la trobada intercentres, SOM ParCC, organitzada per la Xarxa d&#8217;escoles de Cap de Creus,el Servei educatiu de l&#8217;Alt Empord\u00e0 i el Parc Natural de Cap de Creus.<\/p>\n<p style=\"text-align: left;\">Distribu\u00efts en grups hem realitzat tallers per aprofundir en alguns aspectes del Parc com \u00e9s la fauna marina, la tortuga mediterr\u00e0nia, la geologia i les plantes invasores. Tamb\u00e9 hem pogut fer propostes de millora per preservar aquest entorn privilegiat que ens envolta. La Kamar i l\u00b4Iris han sigut les nostres representants per explicar les conclusions de la nostra feina.<\/p>\n<p style=\"text-align: left;\">Els objectius principals de la trobada SomparCC s\u00f3n:<br \/>\n1. Generar vincle i sentiment de pertinen\u00e7a dels escolars al Parc Natural de Cap de Creus.<br \/>\n2. Fomentar el contacte directe dels infants amb la natura, tot incentivant l\u2019esperit<br \/>\nd\u2019investigaci\u00f3.<br \/>\n3. Desenvolupar la curiositat, l\u2019inter\u00e8s i el respecte per l\u2019entorn natural.<br \/>\n4. Crear un espai d\u2019intercanvi per a nens i nenes de diferents escoles de Cap de Creus.<br \/>\n5. Compartir els resultats del Correcull com a campanya conjunta que s\u2019ha realitzat a favor de<br \/>\nla conservaci\u00f3 dels ecosistemes del Parc Natural des de la Xarxa d\u2019escoles de Cap de Creus.<\/p>\n<p style=\"text-align: left;\">Si voleu veure les fotos de la jornada cliqueu l&#8217;enlla\u00e7 <a href=\"https:\/\/drive.google.com\/drive\/folders\/1zxTAhvRQb3nqXtaXXk-DnCuApIDqZbZH?usp=sharing\">Fotos Som ParCC<\/a><\/p>\n","protected":false},"excerpt":{"rendered":"<p><a href=\"https:\/\/agora.xtec.cat\/escolapau\/wp-content\/uploads\/usu1926\/2023\/05\/WhatsApp-Image-2023-05-23-at-16.13.23.jpeg\"><\/a>Avui l&#8217;alumnat de cicle superior ha fet el tancament de les diferents activitats de natura, coneixement i cura de l&#8217;entorn proper que hem anat realitzant al llarg del curs. El tancament s&#8217;ha dut a terme participant en la trobada intercentres, SOM ParCC, organitzada per&hellip;  <a href=\"https:\/\/agora.xtec.cat\/escolapau\/general\/som-parcc-xarxa-descoles-de-cap-de-creus\/\" title=\"Read Som ParCC. Xarxa d&#8217;escoles de Cap de Creus.\">Llegeix m\u00e9s\u00bb<\/a><\/p>\n","protected":false},"author":1,"featured_media":2982,"comment_status":"open","ping_status":"closed","sticky":false,"template":"","format":"standard","meta":{"_bbp_topic_count":0,"_bbp_reply_count":0,"_bbp_total_topic_count":0,"_bbp_total_reply_count":0,"_bbp_voice_count":0,"_bbp_anonymous_reply_count":0,"_bbp_topic_count_hidden":0,"_bbp_reply_count_hidden":0,"_bbp_forum_subforum_count":0,"footnotes":""},"categories":[1,4],"tags":[],"class_list":["post-2979","post","type-post","status-publish","format-standard","has-post-thumbnail","hentry","category-general","category-portada"],"post_mailing_queue_ids":[],"_links":{"self":[{"href":"https:\/\/agora.xtec.cat\/escolapau\/wp-json\/wp\/v2\/posts\/2979","targetHints":{"allow":["GET"]}}],"collection":[{"href":"https:\/\/agora.xtec.cat\/escolapau\/wp-json\/wp\/v2\/posts"}],"about":[{"href":"https:\/\/agora.xtec.cat\/escolapau\/wp-json\/wp\/v2\/types\/post"}],"author":[{"embeddable":true,"href":"https:\/\/agora.xtec.cat\/escolapau\/wp-json\/wp\/v2\/users\/1"}],"replies":[{"embeddable":true,"href":"https:\/\/agora.xtec.cat\/escolapau\/wp-json\/wp\/v2\/comments?post=2979"}],"version-history":[{"count":3,"href":"https:\/\/agora.xtec.cat\/escolapau\/wp-json\/wp\/v2\/posts\/2979\/revisions"}],"predecessor-version":[{"id":2985,"href":"https:\/\/agora.xtec.cat\/escolapau\/wp-json\/wp\/v2\/posts\/2979\/revisions\/2985"}],"wp:featuredmedia":[{"embeddable":true,"href":"https:\/\/agora.xtec.cat\/escolapau\/wp-json\/wp\/v2\/media\/2982"}],"wp:attachment":[{"href":"https:\/\/agora.xtec.cat\/escolapau\/wp-json\/wp\/v2\/media?parent=2979"}],"wp:term":[{"taxonomy":"category","embeddable":true,"href":"https:\/\/agora.xtec.cat\/escolapau\/wp-json\/wp\/v2\/categories?post=2979"},{"taxonomy":"post_tag","embeddable":true,"href":"https:\/\/agora.xtec.cat\/escolapau\/wp-json\/wp\/v2\/tags?post=2979"}],"curies":[{"name":"wp","href":"https:\/\/api.w.org\/{rel}","templated":true}]}}