{"id":2978,"date":"2023-05-25T14:07:57","date_gmt":"2023-05-25T12:07:57","guid":{"rendered":"https:\/\/agora.xtec.cat\/escolapau\/?p=2978"},"modified":"2024-04-16T14:22:32","modified_gmt":"2024-04-16T12:22:32","slug":"tercera-mobilitat-erasmus","status":"publish","type":"post","link":"https:\/\/agora.xtec.cat\/escolapau\/general\/tercera-mobilitat-erasmus\/","title":{"rendered":"TERCERA MOBILITAT ERASMUS"},"content":{"rendered":"<p align=\"justify\">Tercera mobilitat Erasmus\u00a0 \u00a0 \u00a0 \u00a0 <img loading=\"lazy\" decoding=\"async\" class=\"alignleft\" src=\"https:\/\/agora.xtec.cat\/escolapau\/wp-content\/uploads\/usu1926\/2023\/03\/es_v_cofinanciado_por_la_union_europea_pos.png\" width=\"243\" height=\"246\" \/><\/p>\n<p align=\"justify\">Els dies 11, 12 i 13 de maig les mestres Marina i Marta van realitzar la tercera mobilitat del projecte Erasmus. Van viatjar a It\u00e0lia, per formar-se al <i>Centro Internazionale Loris Malaguzzi<\/i> de Reggio Em\u00edlia, una ciutat propera a Bolonia. Reggio Em\u00edlia \u00e9s anomenada la ciutat dels nens i nenes ja que \u00e9s coneguda internacionalment per les seves escoles, pedagogies i el protagonisme que tenen les nenes i els nens en la pol\u00edtica de la regi\u00f3.<\/p>\n<p align=\"justify\">La Marina i la Marta han participat al <i>Gruppo di Studio Italia: L\u2019approccio educativo di Reggio Emilia<\/i>. Aquesta \u00e9s una formaci\u00f3 de tres dies, amb 125 participants italianes i d\u2019altres proced\u00e8ncies internacionals com M\u00e8xic o Brasil. La formaci\u00f3 era en Itali\u00e0 i l\u2019objectiu es basava en aprofundir en la filosofia educativa que va crear el pedagog Loris Malaguzzi (1920-1994). La pedagogia de Malaguzzi destaca pel protagonisme infantil, el joc, els ateliers (tallers) art\u00edstics, la diversitat, la documentaci\u00f3, la inclusi\u00f3, la creativitat, la resoluci\u00f3 de problemes, l&#8217;aprenentatge significatiu, l&#8217;expressi\u00f3 m\u00faltiple i la formaci\u00f3 integral reconeixent els 100 llenguatges dels infants.<\/p>\n<p align=\"justify\">Aquesta pedagogia ens posa en conson\u00e0ncia amb els aprenentatges competencials treballant amb un enfocament globalitzat on totes les \u00e0rees interactuen entre si, i la qualitat de l&#8217;educaci\u00f3 ling\u00fc\u00edstica que ens proporcionar\u00e0 eines per transmetre el coneixement de la llengua anglesa i altres llenguatges expressius i art\u00edstics de tal manera que el nostre alumnat els interioritzin com una manera de veure i entendre el m\u00f3n.<\/p>\n<p align=\"justify\">Les mestres van poder gaudir de les diferents pon\u00e8ncies, de la participaci\u00f3 de diferents ateliers pr\u00e0ctics (tallers) de <i>Raggio di luce<\/i> i de la <i>Forma Sensibili <\/i>i de la visita a l\u2019escola Iqbal Masih. A m\u00e9s a m\u00e9s, han conegut altres participants i projectes educatius d\u2019altres escoles amb l\u2019objectiu de possibles intercanvis i enriquir la pr\u00e0ctica educativa.<\/p>\n<p align=\"justify\">A una de les fotografies podeu llegir el conegut poema de Loris Malaguzzi i els 100 llenguatges dels infants.<\/p>\n<p align=\"justify\"><a href=\"https:\/\/drive.google.com\/drive\/folders\/1S6BJiVRoattmI6fZOWqH_fS90zfjUvYZ?usp=share_link\">FOTOS<\/a><\/p>\n<p align=\"justify\">\n","protected":false},"excerpt":{"rendered":"<p>Tercera mobilitat Erasmus\u00a0 \u00a0 \u00a0 \u00a0<br \/>\nEls dies 11, 12 i 13 de maig les mestres Marina i Marta van realitzar la tercera mobilitat del projecte Erasmus. Van viatjar a It\u00e0lia, per formar-se al Centro Internazionale Loris Malaguzzi de Reggio Em\u00edlia, una ciutat propera a&hellip;  <a href=\"https:\/\/agora.xtec.cat\/escolapau\/general\/tercera-mobilitat-erasmus\/\" title=\"Read TERCERA MOBILITAT ERASMUS\">Llegeix m\u00e9s\u00bb<\/a><\/p>\n","protected":false},"author":11,"featured_media":2986,"comment_status":"open","ping_status":"closed","sticky":false,"template":"","format":"standard","meta":{"_bbp_topic_count":0,"_bbp_reply_count":0,"_bbp_total_topic_count":0,"_bbp_total_reply_count":0,"_bbp_voice_count":0,"_bbp_anonymous_reply_count":0,"_bbp_topic_count_hidden":0,"_bbp_reply_count_hidden":0,"_bbp_forum_subforum_count":0,"footnotes":""},"categories":[91,1,4],"tags":[],"class_list":["post-2978","post","type-post","status-publish","format-standard","has-post-thumbnail","hentry","category-erasmus","category-general","category-portada"],"post_mailing_queue_ids":[],"_links":{"self":[{"href":"https:\/\/agora.xtec.cat\/escolapau\/wp-json\/wp\/v2\/posts\/2978","targetHints":{"allow":["GET"]}}],"collection":[{"href":"https:\/\/agora.xtec.cat\/escolapau\/wp-json\/wp\/v2\/posts"}],"about":[{"href":"https:\/\/agora.xtec.cat\/escolapau\/wp-json\/wp\/v2\/types\/post"}],"author":[{"embeddable":true,"href":"https:\/\/agora.xtec.cat\/escolapau\/wp-json\/wp\/v2\/users\/11"}],"replies":[{"embeddable":true,"href":"https:\/\/agora.xtec.cat\/escolapau\/wp-json\/wp\/v2\/comments?post=2978"}],"version-history":[{"count":2,"href":"https:\/\/agora.xtec.cat\/escolapau\/wp-json\/wp\/v2\/posts\/2978\/revisions"}],"predecessor-version":[{"id":2989,"href":"https:\/\/agora.xtec.cat\/escolapau\/wp-json\/wp\/v2\/posts\/2978\/revisions\/2989"}],"wp:featuredmedia":[{"embeddable":true,"href":"https:\/\/agora.xtec.cat\/escolapau\/wp-json\/wp\/v2\/media\/2986"}],"wp:attachment":[{"href":"https:\/\/agora.xtec.cat\/escolapau\/wp-json\/wp\/v2\/media?parent=2978"}],"wp:term":[{"taxonomy":"category","embeddable":true,"href":"https:\/\/agora.xtec.cat\/escolapau\/wp-json\/wp\/v2\/categories?post=2978"},{"taxonomy":"post_tag","embeddable":true,"href":"https:\/\/agora.xtec.cat\/escolapau\/wp-json\/wp\/v2\/tags?post=2978"}],"curies":[{"name":"wp","href":"https:\/\/api.w.org\/{rel}","templated":true}]}}