{"id":2971,"date":"2023-05-17T19:35:07","date_gmt":"2023-05-17T17:35:07","guid":{"rendered":"https:\/\/agora.xtec.cat\/escolapau\/?p=2971"},"modified":"2023-05-17T19:41:13","modified_gmt":"2023-05-17T17:41:13","slug":"cantarella","status":"publish","type":"post","link":"https:\/\/agora.xtec.cat\/escolapau\/general\/cantarella\/","title":{"rendered":"Cantarella"},"content":{"rendered":"<p class=\"article-body__text article-body__text--entry article-body__text-middle\">Benvolgudes fam\u00edlies,<\/p>\n<p class=\"article-body__text article-body__text--entry article-body__text-middle\">Avui les nostres nenes i nens de cicle superior han participat de la tretzena edici\u00f3 de la <strong>Cantarella de Roses.<\/strong><\/p>\n<p class=\"article-body__text article-body__text--entry article-body__text-middle\">Durant el mat\u00ed, han coincidit amb l&#8217;alumnat de Pau que cursava 6\u00e8 l&#8217;any passat perqu\u00e8 els nivells en els quals s\u2019aplica aquest projecte s\u00f3n 6\u00e8 de Prim\u00e0ria i primer cicle d\u2019ESO. Les fam\u00edlies que heu pogut assistir, heu tingut l&#8217;oportunitat de gaudir de la trobada i de les bones veus de tots i totes els\/les participants.\u00a0\u00a0<strong><a href=\"https:\/\/agora.xtec.cat\/escolapau\/wp-content\/uploads\/usu1926\/2023\/05\/6527a48e-35c1-43d4-be5a-b325b95fa333-1.jpg\"><br \/>\n<img loading=\"lazy\" decoding=\"async\" class=\"aligncenter wp-image-2974\" src=\"https:\/\/agora.xtec.cat\/escolapau\/wp-content\/uploads\/usu1926\/2023\/05\/6527a48e-35c1-43d4-be5a-b325b95fa333-1.jpg\" alt=\"\" width=\"934\" height=\"701\" srcset=\"https:\/\/agora.xtec.cat\/escolapau\/wp-content\/uploads\/usu1926\/2023\/05\/6527a48e-35c1-43d4-be5a-b325b95fa333-1.jpg 2048w, https:\/\/agora.xtec.cat\/escolapau\/wp-content\/uploads\/usu1926\/2023\/05\/6527a48e-35c1-43d4-be5a-b325b95fa333-1-300x225.jpg 300w, https:\/\/agora.xtec.cat\/escolapau\/wp-content\/uploads\/usu1926\/2023\/05\/6527a48e-35c1-43d4-be5a-b325b95fa333-1-1024x768.jpg 1024w, https:\/\/agora.xtec.cat\/escolapau\/wp-content\/uploads\/usu1926\/2023\/05\/6527a48e-35c1-43d4-be5a-b325b95fa333-1-768x576.jpg 768w, https:\/\/agora.xtec.cat\/escolapau\/wp-content\/uploads\/usu1926\/2023\/05\/6527a48e-35c1-43d4-be5a-b325b95fa333-1-1536x1152.jpg 1536w, https:\/\/agora.xtec.cat\/escolapau\/wp-content\/uploads\/usu1926\/2023\/05\/6527a48e-35c1-43d4-be5a-b325b95fa333-1-200x150.jpg 200w\" sizes=\"auto, (max-width: 934px) 100vw, 934px\" \/><\/a><\/strong><\/p>\n<p class=\"article-body__text article-body__text--entry article-body__text-middle\">Aquest projecte ha aplegat un total de 400 alumnes participants de les escoles i instituts de Pau, Roses i Palau Saverdera. Hem preparat a l\u2019aula les can\u00e7ons i les hem posat en com\u00fa als assajos conjunts. El repertori de can\u00e7ons que han interpretat ha incl\u00f2s 9 temes de diferents artistes i formacions: Oques Grasses, Xiula, Els Pets, Gossos, Gertrudis, Lax\u2019n\u2019busto, Txarango, Catarres i Landry el rumbero.<\/p>\n<p>Per\u00f2 un dels moments m\u00e9s &#8220;explosius&#8221; ha estat <span style=\"font-family: inherit; font-size: 1em;\">l&#8217;aparici\u00f3, per sorpresa, dels Stay Homas al final de la\u00a0<\/span>Cantarella. Aix\u00f2 s\u00ed que ha estat una bogeria!<\/p>\n<p><span style=\"font-family: inherit; font-size: 1em;\"><a href=\"https:\/\/agora.xtec.cat\/escolapau\/wp-content\/uploads\/usu1926\/2023\/05\/IMG_2628.jpg\"><img loading=\"lazy\" decoding=\"async\" class=\"aligncenter size-full wp-image-2975\" src=\"https:\/\/agora.xtec.cat\/escolapau\/wp-content\/uploads\/usu1926\/2023\/05\/IMG_2628.jpg\" alt=\"\" width=\"1000\" height=\"562\" srcset=\"https:\/\/agora.xtec.cat\/escolapau\/wp-content\/uploads\/usu1926\/2023\/05\/IMG_2628.jpg 1000w, https:\/\/agora.xtec.cat\/escolapau\/wp-content\/uploads\/usu1926\/2023\/05\/IMG_2628-300x169.jpg 300w, https:\/\/agora.xtec.cat\/escolapau\/wp-content\/uploads\/usu1926\/2023\/05\/IMG_2628-768x432.jpg 768w\" sizes=\"auto, (max-width: 1000px) 100vw, 1000px\" \/><\/a><\/span><\/p>\n<p>Us deixem aqu\u00ed algunes fotos i v\u00eddeos de la jornada: <a href=\"https:\/\/drive.google.com\/drive\/folders\/1xArzB971WvRiEVR0ziIgrOHJ1XbUC8Ky?usp=sharing\">enlla\u00e7<\/a><\/p>\n","protected":false},"excerpt":{"rendered":"<p>Benvolgudes fam\u00edlies,<br \/>\nAvui les nostres nenes i nens de cicle superior han participat de la tretzena edici\u00f3 de la Cantarella de Roses.<br \/>\nDurant el mat\u00ed, han coincidit amb l&#8217;alumnat de Pau que cursava 6\u00e8 l&#8217;any passat perqu\u00e8 els nivells en els quals s\u2019aplica aquest projecte s\u00f3n 6\u00e8&hellip;  <a href=\"https:\/\/agora.xtec.cat\/escolapau\/general\/cantarella\/\" title=\"Read Cantarella\">Llegeix m\u00e9s\u00bb<\/a><\/p>\n","protected":false},"author":1,"featured_media":2973,"comment_status":"open","ping_status":"closed","sticky":false,"template":"","format":"standard","meta":{"_bbp_topic_count":0,"_bbp_reply_count":0,"_bbp_total_topic_count":0,"_bbp_total_reply_count":0,"_bbp_voice_count":0,"_bbp_anonymous_reply_count":0,"_bbp_topic_count_hidden":0,"_bbp_reply_count_hidden":0,"_bbp_forum_subforum_count":0,"footnotes":""},"categories":[1,4],"tags":[],"class_list":["post-2971","post","type-post","status-publish","format-standard","has-post-thumbnail","hentry","category-general","category-portada"],"post_mailing_queue_ids":[],"_links":{"self":[{"href":"https:\/\/agora.xtec.cat\/escolapau\/wp-json\/wp\/v2\/posts\/2971","targetHints":{"allow":["GET"]}}],"collection":[{"href":"https:\/\/agora.xtec.cat\/escolapau\/wp-json\/wp\/v2\/posts"}],"about":[{"href":"https:\/\/agora.xtec.cat\/escolapau\/wp-json\/wp\/v2\/types\/post"}],"author":[{"embeddable":true,"href":"https:\/\/agora.xtec.cat\/escolapau\/wp-json\/wp\/v2\/users\/1"}],"replies":[{"embeddable":true,"href":"https:\/\/agora.xtec.cat\/escolapau\/wp-json\/wp\/v2\/comments?post=2971"}],"version-history":[{"count":2,"href":"https:\/\/agora.xtec.cat\/escolapau\/wp-json\/wp\/v2\/posts\/2971\/revisions"}],"predecessor-version":[{"id":2977,"href":"https:\/\/agora.xtec.cat\/escolapau\/wp-json\/wp\/v2\/posts\/2971\/revisions\/2977"}],"wp:featuredmedia":[{"embeddable":true,"href":"https:\/\/agora.xtec.cat\/escolapau\/wp-json\/wp\/v2\/media\/2973"}],"wp:attachment":[{"href":"https:\/\/agora.xtec.cat\/escolapau\/wp-json\/wp\/v2\/media?parent=2971"}],"wp:term":[{"taxonomy":"category","embeddable":true,"href":"https:\/\/agora.xtec.cat\/escolapau\/wp-json\/wp\/v2\/categories?post=2971"},{"taxonomy":"post_tag","embeddable":true,"href":"https:\/\/agora.xtec.cat\/escolapau\/wp-json\/wp\/v2\/tags?post=2971"}],"curies":[{"name":"wp","href":"https:\/\/api.w.org\/{rel}","templated":true}]}}