{"id":2958,"date":"2023-05-12T20:15:42","date_gmt":"2023-05-12T18:15:42","guid":{"rendered":"https:\/\/agora.xtec.cat\/escolapau\/?p=2958"},"modified":"2023-05-12T20:16:06","modified_gmt":"2023-05-12T18:16:06","slug":"sortida-monestir-sant-pere-de-rodes","status":"publish","type":"post","link":"https:\/\/agora.xtec.cat\/escolapau\/general\/sortida-monestir-sant-pere-de-rodes\/","title":{"rendered":"Sortida Monestir Sant Pere de Rodes"},"content":{"rendered":"<p>Benvolgudes fam\u00edlies avui hem fet una sortida &#8220;monumental&#8221;.<\/p>\n<p>S\u00ed s\u00ed, monumental en tots els sentits. Les nenes i els nens de 3r a 6\u00e8 han pujat al monestir a peu en nom\u00e9s dues hores. All\u00e0 ja ens hi esperava la N\u00faria amb un joc de rol que tenia molt a veure amb la pir\u00e0mide feudal de l&#8217;edat mitjana. Aix\u00ed, hem fet tres grups i ens hem disfressat per poder representar els estaments dels privilegiats: la noblesa i el clergat i, els no privilegiats, la pagesia i els artesans.<\/p>\n<p><a href=\"https:\/\/agora.xtec.cat\/escolapau\/wp-content\/uploads\/usu1926\/2023\/05\/coat-of-arms-gbad255bcc_640.png\"><img loading=\"lazy\" decoding=\"async\" class=\"wp-image-2959 alignleft\" src=\"https:\/\/agora.xtec.cat\/escolapau\/wp-content\/uploads\/usu1926\/2023\/05\/coat-of-arms-gbad255bcc_640.png\" alt=\"\" width=\"241\" height=\"241\" srcset=\"https:\/\/agora.xtec.cat\/escolapau\/wp-content\/uploads\/usu1926\/2023\/05\/coat-of-arms-gbad255bcc_640.png 640w, https:\/\/agora.xtec.cat\/escolapau\/wp-content\/uploads\/usu1926\/2023\/05\/coat-of-arms-gbad255bcc_640-300x300.png 300w, https:\/\/agora.xtec.cat\/escolapau\/wp-content\/uploads\/usu1926\/2023\/05\/coat-of-arms-gbad255bcc_640-150x150.png 150w\" sizes=\"auto, (max-width: 241px) 100vw, 241px\" \/><\/a><img loading=\"lazy\" decoding=\"async\" class=\"wp-image-2961 alignleft\" src=\"https:\/\/agora.xtec.cat\/escolapau\/wp-content\/uploads\/usu1926\/2023\/05\/knight-gc80cc0a13_640.png\" alt=\"\" width=\"160\" height=\"247\" srcset=\"https:\/\/agora.xtec.cat\/escolapau\/wp-content\/uploads\/usu1926\/2023\/05\/knight-gc80cc0a13_640.png 416w, https:\/\/agora.xtec.cat\/escolapau\/wp-content\/uploads\/usu1926\/2023\/05\/knight-gc80cc0a13_640-195x300.png 195w\" sizes=\"auto, (max-width: 160px) 100vw, 160px\" \/><\/p>\n<p><img loading=\"lazy\" decoding=\"async\" class=\"wp-image-2960 alignleft\" src=\"https:\/\/agora.xtec.cat\/escolapau\/wp-content\/uploads\/usu1926\/2023\/05\/peasant-g923bc7c2a_640.png\" alt=\"\" width=\"123\" height=\"218\" srcset=\"https:\/\/agora.xtec.cat\/escolapau\/wp-content\/uploads\/usu1926\/2023\/05\/peasant-g923bc7c2a_640.png 361w, https:\/\/agora.xtec.cat\/escolapau\/wp-content\/uploads\/usu1926\/2023\/05\/peasant-g923bc7c2a_640-169x300.png 169w\" sizes=\"auto, (max-width: 123px) 100vw, 123px\" \/><\/p>\n<p>&nbsp;<\/p>\n<p>&nbsp;<\/p>\n<p>&nbsp;<\/p>\n<p>&nbsp;<\/p>\n<p>A trav\u00e9s d&#8217;aquesta activitat hem conegut el monestir, les activitats que s&#8217;hi feien i els espais on vivien i treballaven.<\/p>\n<p>Ara ja sabem que el monestir de Sant Pere de Rodes va ser el principal centre espiritual del comtat d\u2019Emp\u00faries &#8211; entre els segles XI i XIV-.\u00a0 Aquest est\u00e0 format per l\u2019esgl\u00e9sia, el campanar, el claustre, les sagristies, les depend\u00e8ncies convencionals per fer-hi vida i el Palau de l\u2019Abat.<\/p>\n<p>Des del monestir totes i tots ens hem meravellat de les millors vistes del\u00a0Cap de Creus. Poc abans d&#8217;arribar-hi, i amb les cames una mica entumides hem pogut observar les restes del poble medieval de Santa Creu de Rodes, entre les quals destaca l&#8217;esgl\u00e9sia de\u00a0Santa Helena de Rodes.<\/p>\n<p>Si voleu veure les fotos que hem anat fent entre parada i parada, i un cop ja al monestir, feu clic en l&#8217;<a href=\"https:\/\/drive.google.com\/drive\/folders\/1uayLcRklW1_FJuxFxfgXR2xUDLdRrEwW?usp=sharing\">enlla\u00e7<\/a>.<\/p>\n<p>&nbsp;<\/p>\n","protected":false},"excerpt":{"rendered":"<p>Benvolgudes fam\u00edlies avui hem fet una sortida &#8220;monumental&#8221;.<br \/>\nS\u00ed s\u00ed, monumental en tots els sentits. Les nenes i els nens de 3r a 6\u00e8 han pujat al monestir a peu en nom\u00e9s dues hores. All\u00e0 ja ens hi esperava la N\u00faria amb un joc de rol&hellip;  <a href=\"https:\/\/agora.xtec.cat\/escolapau\/general\/sortida-monestir-sant-pere-de-rodes\/\" title=\"Read Sortida Monestir Sant Pere de Rodes\">Llegeix m\u00e9s\u00bb<\/a><\/p>\n","protected":false},"author":1,"featured_media":2962,"comment_status":"open","ping_status":"closed","sticky":false,"template":"","format":"standard","meta":{"_bbp_topic_count":0,"_bbp_reply_count":0,"_bbp_total_topic_count":0,"_bbp_total_reply_count":0,"_bbp_voice_count":0,"_bbp_anonymous_reply_count":0,"_bbp_topic_count_hidden":0,"_bbp_reply_count_hidden":0,"_bbp_forum_subforum_count":0,"footnotes":""},"categories":[1,4],"tags":[],"class_list":["post-2958","post","type-post","status-publish","format-standard","has-post-thumbnail","hentry","category-general","category-portada"],"post_mailing_queue_ids":[],"_links":{"self":[{"href":"https:\/\/agora.xtec.cat\/escolapau\/wp-json\/wp\/v2\/posts\/2958","targetHints":{"allow":["GET"]}}],"collection":[{"href":"https:\/\/agora.xtec.cat\/escolapau\/wp-json\/wp\/v2\/posts"}],"about":[{"href":"https:\/\/agora.xtec.cat\/escolapau\/wp-json\/wp\/v2\/types\/post"}],"author":[{"embeddable":true,"href":"https:\/\/agora.xtec.cat\/escolapau\/wp-json\/wp\/v2\/users\/1"}],"replies":[{"embeddable":true,"href":"https:\/\/agora.xtec.cat\/escolapau\/wp-json\/wp\/v2\/comments?post=2958"}],"version-history":[{"count":1,"href":"https:\/\/agora.xtec.cat\/escolapau\/wp-json\/wp\/v2\/posts\/2958\/revisions"}],"predecessor-version":[{"id":2964,"href":"https:\/\/agora.xtec.cat\/escolapau\/wp-json\/wp\/v2\/posts\/2958\/revisions\/2964"}],"wp:featuredmedia":[{"embeddable":true,"href":"https:\/\/agora.xtec.cat\/escolapau\/wp-json\/wp\/v2\/media\/2962"}],"wp:attachment":[{"href":"https:\/\/agora.xtec.cat\/escolapau\/wp-json\/wp\/v2\/media?parent=2958"}],"wp:term":[{"taxonomy":"category","embeddable":true,"href":"https:\/\/agora.xtec.cat\/escolapau\/wp-json\/wp\/v2\/categories?post=2958"},{"taxonomy":"post_tag","embeddable":true,"href":"https:\/\/agora.xtec.cat\/escolapau\/wp-json\/wp\/v2\/tags?post=2958"}],"curies":[{"name":"wp","href":"https:\/\/api.w.org\/{rel}","templated":true}]}}