{"id":2951,"date":"2023-05-08T16:23:18","date_gmt":"2023-05-08T14:23:18","guid":{"rendered":"https:\/\/agora.xtec.cat\/escolapau\/?p=2951"},"modified":"2024-04-16T14:23:12","modified_gmt":"2024-04-16T12:23:12","slug":"segona-mobilitat-erasmus-k122","status":"publish","type":"post","link":"https:\/\/agora.xtec.cat\/escolapau\/general\/segona-mobilitat-erasmus-k122\/","title":{"rendered":"Segona mobilitat Erasmus K122"},"content":{"rendered":"<p><a href=\"https:\/\/agora.xtec.cat\/escolapau\/wp-content\/uploads\/usu1926\/2023\/03\/es_v_cofinanciado_por_la_union_europea_pos.png\"><img loading=\"lazy\" decoding=\"async\" class=\"wp-image-2838 alignright\" src=\"https:\/\/agora.xtec.cat\/escolapau\/wp-content\/uploads\/usu1926\/2023\/03\/es_v_cofinanciado_por_la_union_europea_pos.png\" alt=\"\" width=\"161\" height=\"163\" srcset=\"https:\/\/agora.xtec.cat\/escolapau\/wp-content\/uploads\/usu1926\/2023\/03\/es_v_cofinanciado_por_la_union_europea_pos.png 910w, https:\/\/agora.xtec.cat\/escolapau\/wp-content\/uploads\/usu1926\/2023\/03\/es_v_cofinanciado_por_la_union_europea_pos-296x300.png 296w, https:\/\/agora.xtec.cat\/escolapau\/wp-content\/uploads\/usu1926\/2023\/03\/es_v_cofinanciado_por_la_union_europea_pos-768x778.png 768w\" sizes=\"auto, (max-width: 161px) 100vw, 161px\" \/><\/a>Dins el projecte Erasmus K122 de mobilitat del professorat de l&#8217;escola de Pau us volem informar que la segona mestra que ha participat de la formaci\u00f3 ha estat la Mireia.<\/p>\n<p>La Mireia va viatjar a Dublin del 15 al 23 d&#8217;abril i es va formar a l&#8217;Europass Teacher Academy de Dublin realitzant el curs &#8220;Coding and Robotics made easy&#8221;. El curs va tenir una durada de 6 dies durant els quals es va iniciar en la programaci\u00f3, la intel\u00b7lig\u00e8ncia artificial i la rob\u00f2tica. Sis mestres m\u00e9s van formar-se en el mateix curs provinents de la Rep\u00fablica Txeca i Eslov\u00e8nia. Amb ells va compartir la formaci\u00f3 i tamb\u00e9 el funcionament del sistema educatiu dels seus pa\u00efsos.<\/p>\n<p>Ben aviat far\u00e0 la transfer\u00e8ncia de tots els aprenentatges al claustre i haur\u00e0 de recollir evid\u00e8ncies de tot l&#8217;aprenentatge posant en marxa algunes de les activitats amb l&#8217;alumnat de l&#8217;escola.<\/p>\n<p><a href=\"https:\/\/drive.google.com\/drive\/u\/0\/folders\/1-7VYAn4mi-eKD_2qkiFOigOtSbMy_3m1\">FOTOGRAFIES DE LA FORMACI\u00d3<\/a><\/p>\n","protected":false},"excerpt":{"rendered":"<p><a href=\"https:\/\/agora.xtec.cat\/escolapau\/wp-content\/uploads\/usu1926\/2023\/03\/es_v_cofinanciado_por_la_union_europea_pos.png\"><\/a>Dins el projecte Erasmus K122 de mobilitat del professorat de l&#8217;escola de Pau us volem informar que la segona mestra que ha participat de la formaci\u00f3 ha estat la Mireia.<br \/>\nLa Mireia va viatjar a Dublin del 15 al 23 d&#8217;abril i es va formar&hellip;  <a href=\"https:\/\/agora.xtec.cat\/escolapau\/general\/segona-mobilitat-erasmus-k122\/\" title=\"Read Segona mobilitat Erasmus K122\">Llegeix m\u00e9s\u00bb<\/a><\/p>\n","protected":false},"author":1,"featured_media":2952,"comment_status":"open","ping_status":"closed","sticky":false,"template":"","format":"standard","meta":{"_bbp_topic_count":0,"_bbp_reply_count":0,"_bbp_total_topic_count":0,"_bbp_total_reply_count":0,"_bbp_voice_count":0,"_bbp_anonymous_reply_count":0,"_bbp_topic_count_hidden":0,"_bbp_reply_count_hidden":0,"_bbp_forum_subforum_count":0,"footnotes":""},"categories":[91,1,4],"tags":[],"class_list":["post-2951","post","type-post","status-publish","format-standard","has-post-thumbnail","hentry","category-erasmus","category-general","category-portada"],"post_mailing_queue_ids":[],"_links":{"self":[{"href":"https:\/\/agora.xtec.cat\/escolapau\/wp-json\/wp\/v2\/posts\/2951","targetHints":{"allow":["GET"]}}],"collection":[{"href":"https:\/\/agora.xtec.cat\/escolapau\/wp-json\/wp\/v2\/posts"}],"about":[{"href":"https:\/\/agora.xtec.cat\/escolapau\/wp-json\/wp\/v2\/types\/post"}],"author":[{"embeddable":true,"href":"https:\/\/agora.xtec.cat\/escolapau\/wp-json\/wp\/v2\/users\/1"}],"replies":[{"embeddable":true,"href":"https:\/\/agora.xtec.cat\/escolapau\/wp-json\/wp\/v2\/comments?post=2951"}],"version-history":[{"count":3,"href":"https:\/\/agora.xtec.cat\/escolapau\/wp-json\/wp\/v2\/posts\/2951\/revisions"}],"predecessor-version":[{"id":2957,"href":"https:\/\/agora.xtec.cat\/escolapau\/wp-json\/wp\/v2\/posts\/2951\/revisions\/2957"}],"wp:featuredmedia":[{"embeddable":true,"href":"https:\/\/agora.xtec.cat\/escolapau\/wp-json\/wp\/v2\/media\/2952"}],"wp:attachment":[{"href":"https:\/\/agora.xtec.cat\/escolapau\/wp-json\/wp\/v2\/media?parent=2951"}],"wp:term":[{"taxonomy":"category","embeddable":true,"href":"https:\/\/agora.xtec.cat\/escolapau\/wp-json\/wp\/v2\/categories?post=2951"},{"taxonomy":"post_tag","embeddable":true,"href":"https:\/\/agora.xtec.cat\/escolapau\/wp-json\/wp\/v2\/tags?post=2951"}],"curies":[{"name":"wp","href":"https:\/\/api.w.org\/{rel}","templated":true}]}}