{"id":2884,"date":"2023-04-17T12:12:46","date_gmt":"2023-04-17T10:12:46","guid":{"rendered":"https:\/\/agora.xtec.cat\/escolapau\/?p=2884"},"modified":"2023-04-18T11:44:47","modified_gmt":"2023-04-18T09:44:47","slug":"entrega-de-premis-de-recitacio-omnium","status":"publish","type":"post","link":"https:\/\/agora.xtec.cat\/escolapau\/general\/entrega-de-premis-de-recitacio-omnium\/","title":{"rendered":"Entrega de premis de recitaci\u00f3 \u00d2mnium"},"content":{"rendered":"<h4><a href=\"https:\/\/agora.xtec.cat\/escolapau\/wp-content\/uploads\/usu1926\/2023\/04\/WhatsApp-Image-2023-04-18-at-10.21.52.jpeg\"><img loading=\"lazy\" decoding=\"async\" class=\" wp-image-2891 alignright\" src=\"https:\/\/agora.xtec.cat\/escolapau\/wp-content\/uploads\/usu1926\/2023\/04\/WhatsApp-Image-2023-04-18-at-10.21.52.jpeg\" alt=\"\" width=\"640\" height=\"555\" srcset=\"https:\/\/agora.xtec.cat\/escolapau\/wp-content\/uploads\/usu1926\/2023\/04\/WhatsApp-Image-2023-04-18-at-10.21.52.jpeg 885w, https:\/\/agora.xtec.cat\/escolapau\/wp-content\/uploads\/usu1926\/2023\/04\/WhatsApp-Image-2023-04-18-at-10.21.52-300x260.jpeg 300w, https:\/\/agora.xtec.cat\/escolapau\/wp-content\/uploads\/usu1926\/2023\/04\/WhatsApp-Image-2023-04-18-at-10.21.52-768x666.jpeg 768w\" sizes=\"auto, (max-width: 640px) 100vw, 640px\" \/><\/a>Benvolgudes fam\u00edlies,<\/h4>\n<p>ens plau molt\u00edssim informar-vos que el passat dissabte, 15 d&#8217;abril, es va realitzar l&#8217;entrega de premis de poemes de l&#8217;alumnat de prim\u00e0ria del concurs Premi Maria Verdaguer de recitaci\u00f3. Aquest ha estat el 44\u00e8 Concurs per a la Joventut de l&#8217;Alt Empord\u00e0 que convoca \u00d2mnium Cultural.<\/p>\n<p>Com sabeu, la nostra escola va participar amb 9 alumnes de 3r a 6\u00e8, dels quals van resultar premiats:<\/p>\n<p><a href=\"https:\/\/agora.xtec.cat\/escolapau\/wp-content\/uploads\/usu1926\/2023\/04\/IMG_8038.jpg\"><img loading=\"lazy\" decoding=\"async\" class=\" wp-image-2885 alignleft\" src=\"https:\/\/agora.xtec.cat\/escolapau\/wp-content\/uploads\/usu1926\/2023\/04\/IMG_8038.jpg\" alt=\"\" width=\"219\" height=\"312\" srcset=\"https:\/\/agora.xtec.cat\/escolapau\/wp-content\/uploads\/usu1926\/2023\/04\/IMG_8038.jpg 1211w, https:\/\/agora.xtec.cat\/escolapau\/wp-content\/uploads\/usu1926\/2023\/04\/IMG_8038-210x300.jpg 210w, https:\/\/agora.xtec.cat\/escolapau\/wp-content\/uploads\/usu1926\/2023\/04\/IMG_8038-718x1024.jpg 718w, https:\/\/agora.xtec.cat\/escolapau\/wp-content\/uploads\/usu1926\/2023\/04\/IMG_8038-768x1095.jpg 768w, https:\/\/agora.xtec.cat\/escolapau\/wp-content\/uploads\/usu1926\/2023\/04\/IMG_8038-1077x1536.jpg 1077w\" sizes=\"auto, (max-width: 219px) 100vw, 219px\" \/><\/a><\/p>\n<h5>3r:\u00a0 <span style=\"text-decoration: underline;\">1r premi,<\/span> L\u00e8a Bofill Charlet<\/h5>\n<h5>4t:\u00a0<span style=\"text-decoration: underline;\"> 1r premi,<\/span> Paula S\u00e1nchez Meneses<\/h5>\n<h5>5\u00e9: <span style=\"text-decoration: underline;\">1r Premi<\/span>, Kamar Alhamidi Bussi<\/h5>\n<h5>6\u00e8: <span style=\"text-decoration: underline;\">1r premi:<\/span> Laia Marcos Reixach<\/h5>\n<h5><span style=\"text-decoration: underline;\">Acc\u00e8sit:<\/span> Lau Mas\u00f3 Camps<\/h5>\n<p>&nbsp;<\/p>\n<h3><\/h3>\n<h4><\/h4>\n<p>&nbsp;<\/p>\n<h1>MOLTES FELICITATS A TOTES I TOTS!<\/h1>\n<h4>Tamb\u00e9 a tot l&#8217;alumnat que va participar! Esperem que l&#8217;any que ve siguin moltes i molts m\u00e9s!<\/h4>\n<h5><a href=\"https:\/\/drive.google.com\/file\/d\/1X21AgYFYLRRNpM7TJpAuV4ireXOv-9Ay\/view?usp=sharing\">Foto dels premiats<\/a><\/h5>\n","protected":false},"excerpt":{"rendered":"<p><a href=\"https:\/\/agora.xtec.cat\/escolapau\/wp-content\/uploads\/usu1926\/2023\/04\/WhatsApp-Image-2023-04-18-at-10.21.52.jpeg\"><\/a>Benvolgudes fam\u00edlies,<br \/>\nens plau molt\u00edssim informar-vos que el passat dissabte, 15 d&#8217;abril, es va realitzar l&#8217;entrega de premis de poemes de l&#8217;alumnat de prim\u00e0ria del concurs Premi Maria Verdaguer de recitaci\u00f3. Aquest ha estat el 44\u00e8 Concurs per a la Joventut de l&#8217;Alt Empord\u00e0 que&hellip;  <a href=\"https:\/\/agora.xtec.cat\/escolapau\/general\/entrega-de-premis-de-recitacio-omnium\/\" title=\"Read Entrega de premis de recitaci\u00f3 \u00d2mnium\">Llegeix m\u00e9s\u00bb<\/a><\/p>\n","protected":false},"author":1,"featured_media":2885,"comment_status":"open","ping_status":"closed","sticky":false,"template":"","format":"standard","meta":{"_bbp_topic_count":0,"_bbp_reply_count":0,"_bbp_total_topic_count":0,"_bbp_total_reply_count":0,"_bbp_voice_count":0,"_bbp_anonymous_reply_count":0,"_bbp_topic_count_hidden":0,"_bbp_reply_count_hidden":0,"_bbp_forum_subforum_count":0,"footnotes":""},"categories":[1,4],"tags":[],"class_list":["post-2884","post","type-post","status-publish","format-standard","has-post-thumbnail","hentry","category-general","category-portada"],"post_mailing_queue_ids":[],"_links":{"self":[{"href":"https:\/\/agora.xtec.cat\/escolapau\/wp-json\/wp\/v2\/posts\/2884","targetHints":{"allow":["GET"]}}],"collection":[{"href":"https:\/\/agora.xtec.cat\/escolapau\/wp-json\/wp\/v2\/posts"}],"about":[{"href":"https:\/\/agora.xtec.cat\/escolapau\/wp-json\/wp\/v2\/types\/post"}],"author":[{"embeddable":true,"href":"https:\/\/agora.xtec.cat\/escolapau\/wp-json\/wp\/v2\/users\/1"}],"replies":[{"embeddable":true,"href":"https:\/\/agora.xtec.cat\/escolapau\/wp-json\/wp\/v2\/comments?post=2884"}],"version-history":[{"count":3,"href":"https:\/\/agora.xtec.cat\/escolapau\/wp-json\/wp\/v2\/posts\/2884\/revisions"}],"predecessor-version":[{"id":2895,"href":"https:\/\/agora.xtec.cat\/escolapau\/wp-json\/wp\/v2\/posts\/2884\/revisions\/2895"}],"wp:featuredmedia":[{"embeddable":true,"href":"https:\/\/agora.xtec.cat\/escolapau\/wp-json\/wp\/v2\/media\/2885"}],"wp:attachment":[{"href":"https:\/\/agora.xtec.cat\/escolapau\/wp-json\/wp\/v2\/media?parent=2884"}],"wp:term":[{"taxonomy":"category","embeddable":true,"href":"https:\/\/agora.xtec.cat\/escolapau\/wp-json\/wp\/v2\/categories?post=2884"},{"taxonomy":"post_tag","embeddable":true,"href":"https:\/\/agora.xtec.cat\/escolapau\/wp-json\/wp\/v2\/tags?post=2884"}],"curies":[{"name":"wp","href":"https:\/\/api.w.org\/{rel}","templated":true}]}}