{"id":2823,"date":"2023-03-27T19:43:31","date_gmt":"2023-03-27T17:43:31","guid":{"rendered":"https:\/\/agora.xtec.cat\/escolapau\/?p=2823"},"modified":"2023-03-27T19:46:31","modified_gmt":"2023-03-27T17:46:31","slug":"gust-per-la-lectura-i-la-poesia","status":"publish","type":"post","link":"https:\/\/agora.xtec.cat\/escolapau\/general\/gust-per-la-lectura-i-la-poesia\/","title":{"rendered":"GUST PER LA LECTURA I LA POESIA"},"content":{"rendered":"<p>Benvolgudes fam\u00edlies,<\/p>\n<p>Enguany s&#8217;ha celebrat el <em>XIX Certamen Nacional Infantil i Juvenil de Lectura en Veu Alta. \u00c9s una i<\/em>niciativa de la Fundaci\u00f3 Enciclop\u00e8dia Catalana i t\u00e9 com a missi\u00f3 el foment de la llengua i la cultura catalanes.<\/p>\n<p>El nostre alumne <strong>Mart\u00ed Guerra Casas<\/strong> hi ha participat en la categoria de Grumets Vermells amb el llibre: <em>Els p\u00f2stits del senyor Nohisoc.\u00a0<\/em>Tina Vall\u00e8s.<\/p>\n<p>La nostra alumna <strong>Vinyet Artigas Turr\u00e0<\/strong> hi ha participat en la categoria de Grumets Verds amb el llibre: <i>Skeleton Keys\u00a0 L\u2019amic inimaginari. <\/i>Guy Bass<\/p>\n<p>N&#8217;estem molt orgullosos malgrat no resultar guanyadors.<\/p>\n<p>Mireu la seva bona lectura!<\/p>\n<p><a href=\"https:\/\/drive.google.com\/file\/d\/1jE2cpT-3MJMKlfndi3FqZZQe9RetmSYF\/view?usp=sharing\">Mart\u00ed<\/a><\/p>\n<p><a href=\"https:\/\/drive.google.com\/file\/d\/1XF2jjc4d7mi9abtTwb8rBvCVA4CcSvBC\/view?usp=sharing\">Vinyet<\/a><a href=\"https:\/\/agora.xtec.cat\/escolapau\/wp-content\/uploads\/usu1926\/2023\/03\/certanen.png\"><img loading=\"lazy\" decoding=\"async\" class=\"aligncenter size-full wp-image-2828\" src=\"https:\/\/agora.xtec.cat\/escolapau\/wp-content\/uploads\/usu1926\/2023\/03\/certanen.png\" alt=\"\" width=\"317\" height=\"159\" srcset=\"https:\/\/agora.xtec.cat\/escolapau\/wp-content\/uploads\/usu1926\/2023\/03\/certanen.png 317w, https:\/\/agora.xtec.cat\/escolapau\/wp-content\/uploads\/usu1926\/2023\/03\/certanen-300x150.png 300w\" sizes=\"auto, (max-width: 317px) 100vw, 317px\" \/><\/a><\/p>\n<p>Aquests dies tamb\u00e9 s&#8217;ha celebrat la Recitaci\u00f3 de poemes Premi Maria Verdaguer\u00a0del 44\u00e8 Concurs per a la Joventut de l&#8217;Alt Empord\u00e0 que convoca \u00d2mnium Cultural.<\/p>\n<p>I les nostres nenes i nens voluntaris han estat:<\/p>\n<p><strong>L\u00e8a Bofill Charlet<\/strong> i <strong>Joan Ortiz Figueras<\/strong> per 3r de prim\u00e0ria.<\/p>\n<p><strong>Alba Paneque Domingo<\/strong> i <strong>Paula S\u00e1nchez Meneses<\/strong> per 4t de prim\u00e0ria.<\/p>\n<p><strong>Kamar Al Hamidi Bussi<\/strong> per 5\u00e8 de prim\u00e0ria.<\/p>\n<p><strong>Iris Abad Pic\u00f3<\/strong>, <strong>Laia Marcos Reixach<\/strong>, <strong>Lau Mas\u00f3 Camps<\/strong> i <strong>Mariona Pont Font<\/strong> per 6\u00e8 de prim\u00e0ria.<\/p>\n<p>Encara no es sabem els resultats, per\u00f2 per a nosaltres s\u00f3n unes campiones i uns campions.<\/p>\n<p>Mireu, mireu com ho van fer de b\u00e9!<\/p>\n<p><a href=\"https:\/\/drive.google.com\/file\/d\/11b0xCN7PyVlpgaRwZJujyt7jSvoLeRkR\/view?usp=sharing\">L\u00e8a<\/a>, <a href=\"https:\/\/drive.google.com\/file\/d\/16re5AYUcqNGzFc_kmEOhLRSi5ac5nADQ\/view?usp=share_link\">Joan<\/a>, <a href=\"https:\/\/drive.google.com\/file\/d\/16nlWvFVcDISQQlTJrklQQpcknGnukISU\/view?usp=share_link\">Alba<\/a>, <a href=\"https:\/\/drive.google.com\/file\/d\/1gms0qoUnQ23L7Z-66qk4znBjAXbKFngW\/view?usp=share_link\">Paula<\/a>, <a href=\"https:\/\/drive.google.com\/file\/d\/1hp7YlTHw1p2_PQfKUxbAxDYw7bt8hEPv\/view?usp=share_link\">Kamar<\/a>, <a href=\"https:\/\/drive.google.com\/file\/d\/1vN_oKo_jTOe-MFt2ubPKTFVTI7W9xOM6\/view?usp=share_link\">Iris<\/a>, <a href=\"https:\/\/drive.google.com\/file\/d\/1WbzcYoLQKtkOkp_EQCrPtPNMKyFtruaM\/view?usp=share_link\">Laia<\/a>, <a href=\"https:\/\/drive.google.com\/file\/d\/1wOKD52jLcKORRjzXpCMokN3R8IR56Htv\/view?usp=share_link\">Lau<\/a> i <a href=\"https:\/\/drive.google.com\/file\/d\/1UQ-Lv5vwi3riUeQZawxWfScEMqLP-ubZ\/view?usp=share_link\">Mariona<\/a>.<\/p>\n<p><a href=\"https:\/\/agora.xtec.cat\/escolapau\/wp-content\/uploads\/usu1926\/2023\/03\/Captura-de-Pantalla-2023-03-27-a-las-19.39.33.png\"><img loading=\"lazy\" decoding=\"async\" class=\"aligncenter size-full wp-image-2830\" src=\"https:\/\/agora.xtec.cat\/escolapau\/wp-content\/uploads\/usu1926\/2023\/03\/Captura-de-Pantalla-2023-03-27-a-las-19.39.33.png\" alt=\"\" width=\"425\" height=\"577\" srcset=\"https:\/\/agora.xtec.cat\/escolapau\/wp-content\/uploads\/usu1926\/2023\/03\/Captura-de-Pantalla-2023-03-27-a-las-19.39.33.png 425w, https:\/\/agora.xtec.cat\/escolapau\/wp-content\/uploads\/usu1926\/2023\/03\/Captura-de-Pantalla-2023-03-27-a-las-19.39.33-221x300.png 221w\" sizes=\"auto, (max-width: 425px) 100vw, 425px\" \/><\/a><\/p>\n<p><a href=\"https:\/\/agora.xtec.cat\/escolapau\/wp-content\/uploads\/usu1926\/2023\/03\/foto-grup-a-la-classe.jpg\"><img loading=\"lazy\" decoding=\"async\" class=\"aligncenter size-full wp-image-2832\" src=\"https:\/\/agora.xtec.cat\/escolapau\/wp-content\/uploads\/usu1926\/2023\/03\/foto-grup-a-la-classe.jpg\" alt=\"\" width=\"800\" height=\"600\" srcset=\"https:\/\/agora.xtec.cat\/escolapau\/wp-content\/uploads\/usu1926\/2023\/03\/foto-grup-a-la-classe.jpg 800w, https:\/\/agora.xtec.cat\/escolapau\/wp-content\/uploads\/usu1926\/2023\/03\/foto-grup-a-la-classe-300x225.jpg 300w, https:\/\/agora.xtec.cat\/escolapau\/wp-content\/uploads\/usu1926\/2023\/03\/foto-grup-a-la-classe-768x576.jpg 768w, https:\/\/agora.xtec.cat\/escolapau\/wp-content\/uploads\/usu1926\/2023\/03\/foto-grup-a-la-classe-200x150.jpg 200w\" sizes=\"auto, (max-width: 800px) 100vw, 800px\" \/><\/a><a href=\"https:\/\/agora.xtec.cat\/escolapau\/wp-content\/uploads\/usu1926\/2023\/03\/cooltext432584937179637.png\"><img loading=\"lazy\" decoding=\"async\" class=\"aligncenter size-full wp-image-2831\" src=\"https:\/\/agora.xtec.cat\/escolapau\/wp-content\/uploads\/usu1926\/2023\/03\/cooltext432584937179637.png\" alt=\"\" width=\"511\" height=\"65\" srcset=\"https:\/\/agora.xtec.cat\/escolapau\/wp-content\/uploads\/usu1926\/2023\/03\/cooltext432584937179637.png 511w, https:\/\/agora.xtec.cat\/escolapau\/wp-content\/uploads\/usu1926\/2023\/03\/cooltext432584937179637-300x38.png 300w\" sizes=\"auto, (max-width: 511px) 100vw, 511px\" \/><\/a><\/p>\n","protected":false},"excerpt":{"rendered":"<p>Benvolgudes fam\u00edlies,<br \/>\nEnguany s&#8217;ha celebrat el XIX Certamen Nacional Infantil i Juvenil de Lectura en Veu Alta. \u00c9s una iniciativa de la Fundaci\u00f3 Enciclop\u00e8dia Catalana i t\u00e9 com a missi\u00f3 el foment de la llengua i la cultura catalanes.<br \/>\nEl nostre alumne Mart\u00ed Guerra Casas hi ha&hellip;  <a href=\"https:\/\/agora.xtec.cat\/escolapau\/general\/gust-per-la-lectura-i-la-poesia\/\" title=\"Read GUST PER LA LECTURA I LA POESIA\">Llegeix m\u00e9s\u00bb<\/a><\/p>\n","protected":false},"author":1,"featured_media":2832,"comment_status":"open","ping_status":"closed","sticky":false,"template":"","format":"standard","meta":{"_bbp_topic_count":0,"_bbp_reply_count":0,"_bbp_total_topic_count":0,"_bbp_total_reply_count":0,"_bbp_voice_count":0,"_bbp_anonymous_reply_count":0,"_bbp_topic_count_hidden":0,"_bbp_reply_count_hidden":0,"_bbp_forum_subforum_count":0,"footnotes":""},"categories":[1,4],"tags":[],"class_list":["post-2823","post","type-post","status-publish","format-standard","has-post-thumbnail","hentry","category-general","category-portada"],"post_mailing_queue_ids":[],"_links":{"self":[{"href":"https:\/\/agora.xtec.cat\/escolapau\/wp-json\/wp\/v2\/posts\/2823","targetHints":{"allow":["GET"]}}],"collection":[{"href":"https:\/\/agora.xtec.cat\/escolapau\/wp-json\/wp\/v2\/posts"}],"about":[{"href":"https:\/\/agora.xtec.cat\/escolapau\/wp-json\/wp\/v2\/types\/post"}],"author":[{"embeddable":true,"href":"https:\/\/agora.xtec.cat\/escolapau\/wp-json\/wp\/v2\/users\/1"}],"replies":[{"embeddable":true,"href":"https:\/\/agora.xtec.cat\/escolapau\/wp-json\/wp\/v2\/comments?post=2823"}],"version-history":[{"count":3,"href":"https:\/\/agora.xtec.cat\/escolapau\/wp-json\/wp\/v2\/posts\/2823\/revisions"}],"predecessor-version":[{"id":2835,"href":"https:\/\/agora.xtec.cat\/escolapau\/wp-json\/wp\/v2\/posts\/2823\/revisions\/2835"}],"wp:featuredmedia":[{"embeddable":true,"href":"https:\/\/agora.xtec.cat\/escolapau\/wp-json\/wp\/v2\/media\/2832"}],"wp:attachment":[{"href":"https:\/\/agora.xtec.cat\/escolapau\/wp-json\/wp\/v2\/media?parent=2823"}],"wp:term":[{"taxonomy":"category","embeddable":true,"href":"https:\/\/agora.xtec.cat\/escolapau\/wp-json\/wp\/v2\/categories?post=2823"},{"taxonomy":"post_tag","embeddable":true,"href":"https:\/\/agora.xtec.cat\/escolapau\/wp-json\/wp\/v2\/tags?post=2823"}],"curies":[{"name":"wp","href":"https:\/\/api.w.org\/{rel}","templated":true}]}}