{"id":2793,"date":"2023-03-08T18:32:37","date_gmt":"2023-03-08T17:32:37","guid":{"rendered":"https:\/\/agora.xtec.cat\/escolapau\/?p=2793"},"modified":"2023-03-08T18:43:36","modified_gmt":"2023-03-08T17:43:36","slug":"8-de-marc-dia-internacional-de-les-dones-3","status":"publish","type":"post","link":"https:\/\/agora.xtec.cat\/escolapau\/general\/8-de-marc-dia-internacional-de-les-dones-3\/","title":{"rendered":"8 de mar\u00e7 Dia Internacional de les Dones"},"content":{"rendered":"<figure class=\"figure wp-caption alignright\"><a href=\"https:\/\/agora.xtec.cat\/escolapau\/wp-content\/uploads\/usu1926\/2023\/03\/generatedtext-1.jpg\"><img loading=\"lazy\" decoding=\"async\" class=\" wp-image-2795\" src=\"https:\/\/agora.xtec.cat\/escolapau\/wp-content\/uploads\/usu1926\/2023\/03\/generatedtext-1.jpg\" alt=\"\" width=\"875\" height=\"71\" srcset=\"https:\/\/agora.xtec.cat\/escolapau\/wp-content\/uploads\/usu1926\/2023\/03\/generatedtext-1.jpg 2010w, https:\/\/agora.xtec.cat\/escolapau\/wp-content\/uploads\/usu1926\/2023\/03\/generatedtext-1-300x24.jpg 300w, https:\/\/agora.xtec.cat\/escolapau\/wp-content\/uploads\/usu1926\/2023\/03\/generatedtext-1-1024x84.jpg 1024w, https:\/\/agora.xtec.cat\/escolapau\/wp-content\/uploads\/usu1926\/2023\/03\/generatedtext-1-768x63.jpg 768w, https:\/\/agora.xtec.cat\/escolapau\/wp-content\/uploads\/usu1926\/2023\/03\/generatedtext-1-1536x125.jpg 1536w\" sizes=\"auto, (max-width: 875px) 100vw, 875px\" \/><\/a><figcaption class=\"wp-caption-text\">Benvolgudes fam\u00edlies<\/figcaption><\/figure>\n<p>&nbsp;<\/p>\n<p>&nbsp;<\/p>\n<p>&nbsp;<\/p>\n<p><a href=\"https:\/\/agora.xtec.cat\/escolapau\/wp-content\/uploads\/usu1926\/2023\/03\/2640.png\"><img loading=\"lazy\" decoding=\"async\" class=\" wp-image-2796 alignleft\" src=\"https:\/\/agora.xtec.cat\/escolapau\/wp-content\/uploads\/usu1926\/2023\/03\/2640.png\" alt=\"\" width=\"114\" height=\"114\" srcset=\"https:\/\/agora.xtec.cat\/escolapau\/wp-content\/uploads\/usu1926\/2023\/03\/2640.png 512w, https:\/\/agora.xtec.cat\/escolapau\/wp-content\/uploads\/usu1926\/2023\/03\/2640-300x300.png 300w, https:\/\/agora.xtec.cat\/escolapau\/wp-content\/uploads\/usu1926\/2023\/03\/2640-150x150.png 150w\" sizes=\"auto, (max-width: 114px) 100vw, 114px\" \/><\/a><\/p>\n<p>Enguany hem celebrat el Dia internacional de les Dones establint relaci\u00f3 amb l&#8217;art, el medi i la hist\u00f2ria!<\/p>\n<p>I hem creat una instal\u00b7laci\u00f3 de papallones. La gran pregunta: <em>S\u00f3n les papallones \u00e9ssers fr\u00e0gils?<\/em><\/p>\n<p>Les nostres nenes i els nostres nens han pogut concloure que la resposta \u00e9s absolutament no! I han descobert el perqu\u00e8. Hem apr\u00e8s que la <em>papallona<\/em> ha estat relacionada amb la mitologia grega. I que hi ha papallones gegants que medeixen m\u00e9s de 30 cent\u00edmetres. Hem conegut moltes artistes que pintaven papallones i tamb\u00e9 dones bot\u00e0niques que les estudiaven.<\/p>\n<p>Ara ja sabem que durant massa temps i equivocadament, a les papallones, igual que a les dones, se les ha considerat, \u00e9ssers fr\u00e0gils. <a href=\"https:\/\/drive.google.com\/drive\/folders\/14kU2OtxAd2CsJdYXwEV4D2evbNQl4LnJ?usp=share_link\"><img loading=\"lazy\" decoding=\"async\" class=\"wp-image-2813 alignright\" src=\"https:\/\/agora.xtec.cat\/escolapau\/wp-content\/uploads\/usu1926\/2023\/03\/papallona-2.png\" alt=\"\" width=\"121\" height=\"138\" srcset=\"https:\/\/agora.xtec.cat\/escolapau\/wp-content\/uploads\/usu1926\/2023\/03\/papallona-2.png 454w, https:\/\/agora.xtec.cat\/escolapau\/wp-content\/uploads\/usu1926\/2023\/03\/papallona-2-262x300.png 262w\" sizes=\"auto, (max-width: 121px) 100vw, 121px\" \/><\/a><\/p>\n<p>Ha estat un dia, a m\u00e9s de reivindicatiu, molt interessant. Us deixem una mostra de la instal\u00b7laci\u00f3 que ha fet tot l&#8217;alumnat i que us convidem a visitar al hall de l&#8217;escola.<\/p>\n<p><sub>Cliqueu la papallona i podreu veure m\u00e9s fotos.<\/sub><\/p>\n<p>&nbsp;<\/p>\n<p><a href=\"https:\/\/agora.xtec.cat\/escolapau\/wp-content\/uploads\/usu1926\/2023\/03\/c210f7b8-2f53-465e-ae77-ba6511f9225b.jpg\"><img loading=\"lazy\" decoding=\"async\" class=\"aligncenter size-full wp-image-2819\" src=\"https:\/\/agora.xtec.cat\/escolapau\/wp-content\/uploads\/usu1926\/2023\/03\/c210f7b8-2f53-465e-ae77-ba6511f9225b.jpg\" alt=\"\" width=\"2048\" height=\"1536\" srcset=\"https:\/\/agora.xtec.cat\/escolapau\/wp-content\/uploads\/usu1926\/2023\/03\/c210f7b8-2f53-465e-ae77-ba6511f9225b.jpg 2048w, https:\/\/agora.xtec.cat\/escolapau\/wp-content\/uploads\/usu1926\/2023\/03\/c210f7b8-2f53-465e-ae77-ba6511f9225b-300x225.jpg 300w, https:\/\/agora.xtec.cat\/escolapau\/wp-content\/uploads\/usu1926\/2023\/03\/c210f7b8-2f53-465e-ae77-ba6511f9225b-1024x768.jpg 1024w, https:\/\/agora.xtec.cat\/escolapau\/wp-content\/uploads\/usu1926\/2023\/03\/c210f7b8-2f53-465e-ae77-ba6511f9225b-768x576.jpg 768w, https:\/\/agora.xtec.cat\/escolapau\/wp-content\/uploads\/usu1926\/2023\/03\/c210f7b8-2f53-465e-ae77-ba6511f9225b-1536x1152.jpg 1536w, https:\/\/agora.xtec.cat\/escolapau\/wp-content\/uploads\/usu1926\/2023\/03\/c210f7b8-2f53-465e-ae77-ba6511f9225b-200x150.jpg 200w\" sizes=\"auto, (max-width: 2048px) 100vw, 2048px\" \/><\/a><a href=\"https:\/\/agora.xtec.cat\/escolapau\/wp-content\/uploads\/usu1926\/2023\/03\/IMG_7388-3.jpg\"><img loading=\"lazy\" decoding=\"async\" class=\"aligncenter size-full wp-image-2818\" src=\"https:\/\/agora.xtec.cat\/escolapau\/wp-content\/uploads\/usu1926\/2023\/03\/IMG_7388-3.jpg\" alt=\"\" width=\"600\" height=\"450\" srcset=\"https:\/\/agora.xtec.cat\/escolapau\/wp-content\/uploads\/usu1926\/2023\/03\/IMG_7388-3.jpg 600w, https:\/\/agora.xtec.cat\/escolapau\/wp-content\/uploads\/usu1926\/2023\/03\/IMG_7388-3-300x225.jpg 300w, https:\/\/agora.xtec.cat\/escolapau\/wp-content\/uploads\/usu1926\/2023\/03\/IMG_7388-3-200x150.jpg 200w\" sizes=\"auto, (max-width: 600px) 100vw, 600px\" \/><\/a><\/p>\n","protected":false},"excerpt":{"rendered":"<p><a href=\"https:\/\/agora.xtec.cat\/escolapau\/wp-content\/uploads\/usu1926\/2023\/03\/generatedtext-1.jpg\"><\/a>Benvolgudes fam\u00edlies<br \/>\n&nbsp;<br \/>\n&nbsp;<br \/>\n&nbsp;<br \/>\n<a href=\"https:\/\/agora.xtec.cat\/escolapau\/wp-content\/uploads\/usu1926\/2023\/03\/2640.png\"><\/a><br \/>\nEnguany hem celebrat el Dia internacional de les Dones establint relaci\u00f3 amb l&#8217;art, el medi i la hist\u00f2ria!<br \/>\nI hem creat una instal\u00b7laci\u00f3 de papallones. La gran pregunta: S\u00f3n les papallones \u00e9ssers fr\u00e0gils?<br \/>\nLes nostres nenes i els nostres nens han pogut concloure que&hellip;  <a href=\"https:\/\/agora.xtec.cat\/escolapau\/general\/8-de-marc-dia-internacional-de-les-dones-3\/\" title=\"Read 8 de mar\u00e7 Dia Internacional de les Dones\">Llegeix m\u00e9s\u00bb<\/a><\/p>\n","protected":false},"author":1,"featured_media":2814,"comment_status":"open","ping_status":"closed","sticky":false,"template":"","format":"standard","meta":{"_bbp_topic_count":0,"_bbp_reply_count":0,"_bbp_total_topic_count":0,"_bbp_total_reply_count":0,"_bbp_voice_count":0,"_bbp_anonymous_reply_count":0,"_bbp_topic_count_hidden":0,"_bbp_reply_count_hidden":0,"_bbp_forum_subforum_count":0,"footnotes":""},"categories":[1,4],"tags":[],"class_list":["post-2793","post","type-post","status-publish","format-standard","has-post-thumbnail","hentry","category-general","category-portada"],"post_mailing_queue_ids":[],"_links":{"self":[{"href":"https:\/\/agora.xtec.cat\/escolapau\/wp-json\/wp\/v2\/posts\/2793","targetHints":{"allow":["GET"]}}],"collection":[{"href":"https:\/\/agora.xtec.cat\/escolapau\/wp-json\/wp\/v2\/posts"}],"about":[{"href":"https:\/\/agora.xtec.cat\/escolapau\/wp-json\/wp\/v2\/types\/post"}],"author":[{"embeddable":true,"href":"https:\/\/agora.xtec.cat\/escolapau\/wp-json\/wp\/v2\/users\/1"}],"replies":[{"embeddable":true,"href":"https:\/\/agora.xtec.cat\/escolapau\/wp-json\/wp\/v2\/comments?post=2793"}],"version-history":[{"count":3,"href":"https:\/\/agora.xtec.cat\/escolapau\/wp-json\/wp\/v2\/posts\/2793\/revisions"}],"predecessor-version":[{"id":2822,"href":"https:\/\/agora.xtec.cat\/escolapau\/wp-json\/wp\/v2\/posts\/2793\/revisions\/2822"}],"wp:featuredmedia":[{"embeddable":true,"href":"https:\/\/agora.xtec.cat\/escolapau\/wp-json\/wp\/v2\/media\/2814"}],"wp:attachment":[{"href":"https:\/\/agora.xtec.cat\/escolapau\/wp-json\/wp\/v2\/media?parent=2793"}],"wp:term":[{"taxonomy":"category","embeddable":true,"href":"https:\/\/agora.xtec.cat\/escolapau\/wp-json\/wp\/v2\/categories?post=2793"},{"taxonomy":"post_tag","embeddable":true,"href":"https:\/\/agora.xtec.cat\/escolapau\/wp-json\/wp\/v2\/tags?post=2793"}],"curies":[{"name":"wp","href":"https:\/\/api.w.org\/{rel}","templated":true}]}}