{"id":2781,"date":"2023-03-07T16:08:59","date_gmt":"2023-03-07T15:08:59","guid":{"rendered":"https:\/\/agora.xtec.cat\/escolapau\/?p=2781"},"modified":"2023-03-07T16:08:59","modified_gmt":"2023-03-07T15:08:59","slug":"el-museu-del-cinema","status":"publish","type":"post","link":"https:\/\/agora.xtec.cat\/escolapau\/general\/el-museu-del-cinema\/","title":{"rendered":"El Museu del Cinema"},"content":{"rendered":"<p><a href=\"https:\/\/agora.xtec.cat\/escolapau\/wp-content\/uploads\/usu1926\/2023\/03\/coollogo_com-159321014.png\"><img loading=\"lazy\" decoding=\"async\" class=\"aligncenter wp-image-2783\" src=\"https:\/\/agora.xtec.cat\/escolapau\/wp-content\/uploads\/usu1926\/2023\/03\/coollogo_com-159321014.png\" alt=\"\" width=\"707\" height=\"89\" srcset=\"https:\/\/agora.xtec.cat\/escolapau\/wp-content\/uploads\/usu1926\/2023\/03\/coollogo_com-159321014.png 747w, https:\/\/agora.xtec.cat\/escolapau\/wp-content\/uploads\/usu1926\/2023\/03\/coollogo_com-159321014-300x38.png 300w\" sizes=\"auto, (max-width: 707px) 100vw, 707px\" \/><\/a><\/p>\n<p>El passat divendres 3 de mar\u00e7 tota l&#8217;escola vam anar al Museu del Cinema a Girona.<a href=\"https:\/\/agora.xtec.cat\/escolapau\/wp-content\/uploads\/usu1926\/2023\/03\/GRUP-scaled.jpg\"><img loading=\"lazy\" decoding=\"async\" class=\"wp-image-2782 alignleft\" src=\"https:\/\/agora.xtec.cat\/escolapau\/wp-content\/uploads\/usu1926\/2023\/03\/GRUP-scaled.jpg\" alt=\"\" width=\"725\" height=\"449\" srcset=\"https:\/\/agora.xtec.cat\/escolapau\/wp-content\/uploads\/usu1926\/2023\/03\/GRUP-scaled.jpg 2560w, https:\/\/agora.xtec.cat\/escolapau\/wp-content\/uploads\/usu1926\/2023\/03\/GRUP-300x186.jpg 300w, https:\/\/agora.xtec.cat\/escolapau\/wp-content\/uploads\/usu1926\/2023\/03\/GRUP-1024x635.jpg 1024w, https:\/\/agora.xtec.cat\/escolapau\/wp-content\/uploads\/usu1926\/2023\/03\/GRUP-768x476.jpg 768w, https:\/\/agora.xtec.cat\/escolapau\/wp-content\/uploads\/usu1926\/2023\/03\/GRUP-1536x952.jpg 1536w, https:\/\/agora.xtec.cat\/escolapau\/wp-content\/uploads\/usu1926\/2023\/03\/GRUP-2048x1269.jpg 2048w\" sizes=\"auto, (max-width: 725px) 100vw, 725px\" \/><\/a><\/p>\n<p style=\"text-align: left;\">Va ser una sortida molt interessant a on vam viatjar en el temps descobrint els objectes m\u00e9s significatius de l&#8217;evoluci\u00f3 de la fotografia est\u00e0tica\u00a0 fins a la imatge en moviment.<\/p>\n<p style=\"text-align: left;\">Per finalitzar la sortida vam realitzar\u00a0 uns tallers. Cicle Inicial i Infantil van construir un <a href=\"https:\/\/magomadrid.es\/taumatropo\/\">TAUMATROPO.<\/a><\/p>\n<p style=\"text-align: left;\">El Cicle Superior i Mitj\u00e0 vam fer uns curtmetratges aplicant els trucs del cinema. Tan bon punt tinguem les gravacions us les enviarem.<\/p>\n<p style=\"text-align: left;\">De moment aqu\u00ed teniu les imatges del dia. <a href=\"https:\/\/drive.google.com\/drive\/folders\/1ukrZOXSo8Nylh5MzDShErNl_EV09ZFGj?usp=sharing\">MUSEU DEL CINEMA<\/a><\/p>\n","protected":false},"excerpt":{"rendered":"<p><a href=\"https:\/\/agora.xtec.cat\/escolapau\/wp-content\/uploads\/usu1926\/2023\/03\/coollogo_com-159321014.png\"><\/a><br \/>\nEl passat divendres 3 de mar\u00e7 tota l&#8217;escola vam anar al Museu del Cinema a Girona.<a href=\"https:\/\/agora.xtec.cat\/escolapau\/wp-content\/uploads\/usu1926\/2023\/03\/GRUP-scaled.jpg\"><\/a><br \/>\nVa ser una sortida molt interessant a on vam viatjar en el temps descobrint els objectes m\u00e9s significatius de l&#8217;evoluci\u00f3 de la fotografia est\u00e0tica\u00a0 fins a la imatge&hellip;  <a href=\"https:\/\/agora.xtec.cat\/escolapau\/general\/el-museu-del-cinema\/\" title=\"Read El Museu del Cinema\">Llegeix m\u00e9s\u00bb<\/a><\/p>\n","protected":false},"author":1,"featured_media":2782,"comment_status":"open","ping_status":"closed","sticky":false,"template":"","format":"standard","meta":{"_bbp_topic_count":0,"_bbp_reply_count":0,"_bbp_total_topic_count":0,"_bbp_total_reply_count":0,"_bbp_voice_count":0,"_bbp_anonymous_reply_count":0,"_bbp_topic_count_hidden":0,"_bbp_reply_count_hidden":0,"_bbp_forum_subforum_count":0,"footnotes":""},"categories":[1,4],"tags":[],"class_list":["post-2781","post","type-post","status-publish","format-standard","has-post-thumbnail","hentry","category-general","category-portada"],"post_mailing_queue_ids":[],"_links":{"self":[{"href":"https:\/\/agora.xtec.cat\/escolapau\/wp-json\/wp\/v2\/posts\/2781","targetHints":{"allow":["GET"]}}],"collection":[{"href":"https:\/\/agora.xtec.cat\/escolapau\/wp-json\/wp\/v2\/posts"}],"about":[{"href":"https:\/\/agora.xtec.cat\/escolapau\/wp-json\/wp\/v2\/types\/post"}],"author":[{"embeddable":true,"href":"https:\/\/agora.xtec.cat\/escolapau\/wp-json\/wp\/v2\/users\/1"}],"replies":[{"embeddable":true,"href":"https:\/\/agora.xtec.cat\/escolapau\/wp-json\/wp\/v2\/comments?post=2781"}],"version-history":[{"count":3,"href":"https:\/\/agora.xtec.cat\/escolapau\/wp-json\/wp\/v2\/posts\/2781\/revisions"}],"predecessor-version":[{"id":2792,"href":"https:\/\/agora.xtec.cat\/escolapau\/wp-json\/wp\/v2\/posts\/2781\/revisions\/2792"}],"wp:featuredmedia":[{"embeddable":true,"href":"https:\/\/agora.xtec.cat\/escolapau\/wp-json\/wp\/v2\/media\/2782"}],"wp:attachment":[{"href":"https:\/\/agora.xtec.cat\/escolapau\/wp-json\/wp\/v2\/media?parent=2781"}],"wp:term":[{"taxonomy":"category","embeddable":true,"href":"https:\/\/agora.xtec.cat\/escolapau\/wp-json\/wp\/v2\/categories?post=2781"},{"taxonomy":"post_tag","embeddable":true,"href":"https:\/\/agora.xtec.cat\/escolapau\/wp-json\/wp\/v2\/tags?post=2781"}],"curies":[{"name":"wp","href":"https:\/\/api.w.org\/{rel}","templated":true}]}}