{"id":2658,"date":"2022-11-11T16:14:35","date_gmt":"2022-11-11T15:14:35","guid":{"rendered":"https:\/\/agora.xtec.cat\/escolapau\/?p=2658"},"modified":"2022-11-12T10:03:45","modified_gmt":"2022-11-12T09:03:45","slug":"colonies-dindis-i-bandolers","status":"publish","type":"post","link":"https:\/\/agora.xtec.cat\/escolapau\/general\/colonies-dindis-i-bandolers\/","title":{"rendered":"Col\u00f2nies d&#8217;Indis i Bandolers"},"content":{"rendered":"<p style=\"padding-left: 40px; text-align: left;\">Aquest any hem comen\u00e7at el curs anant de col\u00f2nies!! Els dies 2,3 i 4 de novembre hem estat a Can Sans, a Viladesens, on els m\u00e9s petits com Indis\/es i els m\u00e9s grans com a Bandolers\/es hem tingut l&#8217;oportunitat de descobrir el bosc Mediterrani, les plantes, els animals, el cel i les seves constel\u00b7lacions&#8230;<\/p>\n<p>Tamb\u00e9 hem aprofitat les col\u00f2nies per realitzar\u00a0 un dels reptes de la XARXA D&#8217;ESCOLES DEL CAP DE CREUS de la que com ja sabeu formem part. El repte consisteix en la creaci\u00f3 d&#8217;un HERBARI de les plantes del nostre entorn.\u00a0 Durant les col\u00f2nies s&#8217;<span style=\"font-family: inherit; font-size: 1em;\">han recollit les primeres plantes, i al llarg del curs l&#8217;anirem ampliant entre tots i totes.<\/span><\/p>\n<p>Han estat tres dies molt intensos on hem descobert un munt de coses, hem apr\u00e8s a ser m\u00e9s aut\u00f2noms, hem jugat, hem col\u00b7laborat a la vida quotidiana parant i desparant taula, hem conviscut\u00a0 amb els companys\/es i les mestres i sobretot, sobretot ens ho hem passat superb\u00e9!!!!<\/p>\n<p>A l&#8217;enlla\u00e7 trobareu nom\u00e9s una petita mostra de tots els moments viscuts&#8230; esperem que us ajudin a estirar del fil perqu\u00e8 els vostres fills i filles us expliquin moltes coses!!<\/p>\n<p><a href=\"https:\/\/drive.google.com\/drive\/folders\/1-gGt_UYwPpolqPzHPouOhhG1kHfktYWd?usp=sharing\">Fotos col\u00f2nies<\/a><\/p>\n","protected":false},"excerpt":{"rendered":"<p>Aquest any hem comen\u00e7at el curs anant de col\u00f2nies!! Els dies 2,3 i 4 de novembre hem estat a Can Sans, a Viladesens, on els m\u00e9s petits com Indis\/es i els m\u00e9s grans com a Bandolers\/es hem tingut l&#8217;oportunitat de descobrir el bosc Mediterrani, les&hellip;  <a href=\"https:\/\/agora.xtec.cat\/escolapau\/general\/colonies-dindis-i-bandolers\/\" title=\"Read Col\u00f2nies d&#8217;Indis i Bandolers\">Llegeix m\u00e9s\u00bb<\/a><\/p>\n","protected":false},"author":1,"featured_media":0,"comment_status":"open","ping_status":"closed","sticky":false,"template":"","format":"standard","meta":{"_bbp_topic_count":0,"_bbp_reply_count":0,"_bbp_total_topic_count":0,"_bbp_total_reply_count":0,"_bbp_voice_count":0,"_bbp_anonymous_reply_count":0,"_bbp_topic_count_hidden":0,"_bbp_reply_count_hidden":0,"_bbp_forum_subforum_count":0,"footnotes":""},"categories":[1,4],"tags":[],"class_list":["post-2658","post","type-post","status-publish","format-standard","hentry","category-general","category-portada"],"post_mailing_queue_ids":[],"_links":{"self":[{"href":"https:\/\/agora.xtec.cat\/escolapau\/wp-json\/wp\/v2\/posts\/2658","targetHints":{"allow":["GET"]}}],"collection":[{"href":"https:\/\/agora.xtec.cat\/escolapau\/wp-json\/wp\/v2\/posts"}],"about":[{"href":"https:\/\/agora.xtec.cat\/escolapau\/wp-json\/wp\/v2\/types\/post"}],"author":[{"embeddable":true,"href":"https:\/\/agora.xtec.cat\/escolapau\/wp-json\/wp\/v2\/users\/1"}],"replies":[{"embeddable":true,"href":"https:\/\/agora.xtec.cat\/escolapau\/wp-json\/wp\/v2\/comments?post=2658"}],"version-history":[{"count":3,"href":"https:\/\/agora.xtec.cat\/escolapau\/wp-json\/wp\/v2\/posts\/2658\/revisions"}],"predecessor-version":[{"id":2674,"href":"https:\/\/agora.xtec.cat\/escolapau\/wp-json\/wp\/v2\/posts\/2658\/revisions\/2674"}],"wp:attachment":[{"href":"https:\/\/agora.xtec.cat\/escolapau\/wp-json\/wp\/v2\/media?parent=2658"}],"wp:term":[{"taxonomy":"category","embeddable":true,"href":"https:\/\/agora.xtec.cat\/escolapau\/wp-json\/wp\/v2\/categories?post=2658"},{"taxonomy":"post_tag","embeddable":true,"href":"https:\/\/agora.xtec.cat\/escolapau\/wp-json\/wp\/v2\/tags?post=2658"}],"curies":[{"name":"wp","href":"https:\/\/api.w.org\/{rel}","templated":true}]}}