{"id":2652,"date":"2022-11-07T10:36:03","date_gmt":"2022-11-07T09:36:03","guid":{"rendered":"https:\/\/agora.xtec.cat\/escolapau\/?p=2652"},"modified":"2022-11-07T15:43:26","modified_gmt":"2022-11-07T14:43:26","slug":"certamen-de-lectura-en-veu-alta","status":"publish","type":"post","link":"https:\/\/agora.xtec.cat\/escolapau\/general\/certamen-de-lectura-en-veu-alta\/","title":{"rendered":"Certamen de Lectura en Veu Alta"},"content":{"rendered":"<p><a href=\"https:\/\/agora.xtec.cat\/escolapau\/wp-content\/uploads\/usu1926\/2022\/11\/WhatsApp-Image-2022-11-07-at-10.00.03-1.jpeg\"><img loading=\"lazy\" decoding=\"async\" class=\"wp-image-2654 alignleft\" src=\"https:\/\/agora.xtec.cat\/escolapau\/wp-content\/uploads\/usu1926\/2022\/11\/WhatsApp-Image-2022-11-07-at-10.00.03-1.jpeg\" alt=\"\" width=\"507\" height=\"345\" srcset=\"https:\/\/agora.xtec.cat\/escolapau\/wp-content\/uploads\/usu1926\/2022\/11\/WhatsApp-Image-2022-11-07-at-10.00.03-1.jpeg 1086w, https:\/\/agora.xtec.cat\/escolapau\/wp-content\/uploads\/usu1926\/2022\/11\/WhatsApp-Image-2022-11-07-at-10.00.03-1-300x204.jpeg 300w, https:\/\/agora.xtec.cat\/escolapau\/wp-content\/uploads\/usu1926\/2022\/11\/WhatsApp-Image-2022-11-07-at-10.00.03-1-1024x696.jpeg 1024w, https:\/\/agora.xtec.cat\/escolapau\/wp-content\/uploads\/usu1926\/2022\/11\/WhatsApp-Image-2022-11-07-at-10.00.03-1-768x522.jpeg 768w\" sizes=\"auto, (max-width: 507px) 100vw, 507px\" \/><\/a><\/p>\n<p>Enguany, hem proposat a l&#8217;alumnat dels cicles mitj\u00e0 i superior participar en el Certamen de Lectura en Veu Alta. La darrera setmana d&#8217;octubre es va realitzar el proc\u00e9s de selecci\u00f3 entre els 6 alumnes interessats que van haver de llegir diferents textos davant de les mestres tutores del centre. La tria va ser molt dif\u00edcil\u00a0 i volem felicitar tots els i les participants.<\/p>\n<p><span style=\"color: #444444; font-family: 'Open Sans', Arial, Helvetica, sans-serif; font-size: 1em;\">El Certamen de Lectura en Veu Alta est\u00e0 organitzat per la Fundaci\u00f3 Enciclop\u00e8dia Catalana i el Departament d\u2019Educaci\u00f3, i compta amb el suport de l\u2019Obra Social \u201cla Caixa\u201d i de Biblioteques P\u00fabliques de Catalunya. T\u00e9 com a objectiu la promoci\u00f3 de la lectura en l\u2019alumnat de tot Catalunya.<\/span><\/p>\n<p>Estem molt orgullosos de poder participar en aquest certamen per primera vegada i esperem que no sigui l&#8217;\u00faltima.<\/p>\n<p>Aqu\u00ed teniu la imatge del lliurament de diplomes.<\/p>\n<h2 style=\"text-align: center;\"><a href=\"https:\/\/agora.xtec.cat\/escolapau\/wp-content\/uploads\/usu1926\/2022\/11\/generatedtext-1.png\"><img loading=\"lazy\" decoding=\"async\" class=\"aligncenter size-full wp-image-2663\" src=\"https:\/\/agora.xtec.cat\/escolapau\/wp-content\/uploads\/usu1926\/2022\/11\/generatedtext-1.png\" alt=\"\" width=\"850\" height=\"78\" srcset=\"https:\/\/agora.xtec.cat\/escolapau\/wp-content\/uploads\/usu1926\/2022\/11\/generatedtext-1.png 850w, https:\/\/agora.xtec.cat\/escolapau\/wp-content\/uploads\/usu1926\/2022\/11\/generatedtext-1-300x28.png 300w, https:\/\/agora.xtec.cat\/escolapau\/wp-content\/uploads\/usu1926\/2022\/11\/generatedtext-1-768x70.png 768w\" sizes=\"auto, (max-width: 850px) 100vw, 850px\" \/><\/a><\/h2>\n<p>&nbsp;<\/p>\n","protected":false},"excerpt":{"rendered":"<p><a href=\"https:\/\/agora.xtec.cat\/escolapau\/wp-content\/uploads\/usu1926\/2022\/11\/WhatsApp-Image-2022-11-07-at-10.00.03-1.jpeg\"><\/a><br \/>\nEnguany, hem proposat a l&#8217;alumnat dels cicles mitj\u00e0 i superior participar en el Certamen de Lectura en Veu Alta. La darrera setmana d&#8217;octubre es va realitzar el proc\u00e9s de selecci\u00f3 entre els 6 alumnes interessats que van haver de llegir diferents textos davant de&hellip;  <a href=\"https:\/\/agora.xtec.cat\/escolapau\/general\/certamen-de-lectura-en-veu-alta\/\" title=\"Read Certamen de Lectura en Veu Alta\">Llegeix m\u00e9s\u00bb<\/a><\/p>\n","protected":false},"author":1,"featured_media":2654,"comment_status":"open","ping_status":"closed","sticky":false,"template":"","format":"standard","meta":{"_bbp_topic_count":0,"_bbp_reply_count":0,"_bbp_total_topic_count":0,"_bbp_total_reply_count":0,"_bbp_voice_count":0,"_bbp_anonymous_reply_count":0,"_bbp_topic_count_hidden":0,"_bbp_reply_count_hidden":0,"_bbp_forum_subforum_count":0,"footnotes":""},"categories":[1,4],"tags":[],"class_list":["post-2652","post","type-post","status-publish","format-standard","has-post-thumbnail","hentry","category-general","category-portada"],"post_mailing_queue_ids":[],"_links":{"self":[{"href":"https:\/\/agora.xtec.cat\/escolapau\/wp-json\/wp\/v2\/posts\/2652","targetHints":{"allow":["GET"]}}],"collection":[{"href":"https:\/\/agora.xtec.cat\/escolapau\/wp-json\/wp\/v2\/posts"}],"about":[{"href":"https:\/\/agora.xtec.cat\/escolapau\/wp-json\/wp\/v2\/types\/post"}],"author":[{"embeddable":true,"href":"https:\/\/agora.xtec.cat\/escolapau\/wp-json\/wp\/v2\/users\/1"}],"replies":[{"embeddable":true,"href":"https:\/\/agora.xtec.cat\/escolapau\/wp-json\/wp\/v2\/comments?post=2652"}],"version-history":[{"count":3,"href":"https:\/\/agora.xtec.cat\/escolapau\/wp-json\/wp\/v2\/posts\/2652\/revisions"}],"predecessor-version":[{"id":2664,"href":"https:\/\/agora.xtec.cat\/escolapau\/wp-json\/wp\/v2\/posts\/2652\/revisions\/2664"}],"wp:featuredmedia":[{"embeddable":true,"href":"https:\/\/agora.xtec.cat\/escolapau\/wp-json\/wp\/v2\/media\/2654"}],"wp:attachment":[{"href":"https:\/\/agora.xtec.cat\/escolapau\/wp-json\/wp\/v2\/media?parent=2652"}],"wp:term":[{"taxonomy":"category","embeddable":true,"href":"https:\/\/agora.xtec.cat\/escolapau\/wp-json\/wp\/v2\/categories?post=2652"},{"taxonomy":"post_tag","embeddable":true,"href":"https:\/\/agora.xtec.cat\/escolapau\/wp-json\/wp\/v2\/tags?post=2652"}],"curies":[{"name":"wp","href":"https:\/\/api.w.org\/{rel}","templated":true}]}}