{"id":2455,"date":"2022-04-30T22:00:00","date_gmt":"2022-04-30T20:00:00","guid":{"rendered":"https:\/\/agora.xtec.cat\/escolapau\/?p=2455"},"modified":"2022-04-30T22:00:24","modified_gmt":"2022-04-30T20:00:24","slug":"assemblea-general","status":"publish","type":"post","link":"https:\/\/agora.xtec.cat\/escolapau\/general\/assemblea-general\/","title":{"rendered":"ASSEMBLEA GENERAL"},"content":{"rendered":"<p><a href=\"https:\/\/agora.xtec.cat\/escolapau\/wp-content\/uploads\/usu1926\/2022\/04\/Cool-Text-ASSEMBLEA-GENERAL-409819533211594-1.png\"><img loading=\"lazy\" decoding=\"async\" class=\"aligncenter size-large wp-image-2470\" src=\"https:\/\/agora.xtec.cat\/escolapau\/wp-content\/uploads\/usu1926\/2022\/04\/Cool-Text-ASSEMBLEA-GENERAL-409819533211594-1-1024x58.png\" alt=\"\" width=\"1024\" height=\"58\" srcset=\"https:\/\/agora.xtec.cat\/escolapau\/wp-content\/uploads\/usu1926\/2022\/04\/Cool-Text-ASSEMBLEA-GENERAL-409819533211594-1-1024x58.png 1024w, https:\/\/agora.xtec.cat\/escolapau\/wp-content\/uploads\/usu1926\/2022\/04\/Cool-Text-ASSEMBLEA-GENERAL-409819533211594-1-300x17.png 300w, https:\/\/agora.xtec.cat\/escolapau\/wp-content\/uploads\/usu1926\/2022\/04\/Cool-Text-ASSEMBLEA-GENERAL-409819533211594-1-768x44.png 768w, https:\/\/agora.xtec.cat\/escolapau\/wp-content\/uploads\/usu1926\/2022\/04\/Cool-Text-ASSEMBLEA-GENERAL-409819533211594-1-1536x87.png 1536w, https:\/\/agora.xtec.cat\/escolapau\/wp-content\/uploads\/usu1926\/2022\/04\/Cool-Text-ASSEMBLEA-GENERAL-409819533211594-1.png 1862w\" sizes=\"auto, (max-width: 1024px) 100vw, 1024px\" \/><\/a><\/p>\n<p>Aquest passat divendres 29 d&#8217;abril vam poder celebrar la primera assemblea general des de fa dos anys. Sense mascaretes i tots junts, des de P3 a 6\u00e8. No pod\u00edem inaugurar aquest acte sense fer gresca de deb\u00f2. Primer vam comen\u00e7ar les i els mestres a representar amb un ball una mica estrafolari la fi de les restriccions per la Covid 19.<\/p>\n<p style=\"text-align: center;\">Aqu\u00ed en teniu una mostra: <a href=\"https:\/\/drive.google.com\/file\/d\/1CUEDuGsvfMjJosBif8sNMd8gZZ59Eiet\/view?usp=sharing\">enlla\u00e7<\/a><\/p>\n<p><a href=\"https:\/\/agora.xtec.cat\/escolapau\/wp-content\/uploads\/usu1926\/2022\/04\/Captura-de-pantalla-2022-04-30-a-las-10.24.46.png\"><img loading=\"lazy\" decoding=\"async\" class=\"aligncenter size-full wp-image-2471\" src=\"https:\/\/agora.xtec.cat\/escolapau\/wp-content\/uploads\/usu1926\/2022\/04\/Captura-de-pantalla-2022-04-30-a-las-10.24.46.png\" alt=\"\" width=\"600\" height=\"328\" srcset=\"https:\/\/agora.xtec.cat\/escolapau\/wp-content\/uploads\/usu1926\/2022\/04\/Captura-de-pantalla-2022-04-30-a-las-10.24.46.png 600w, https:\/\/agora.xtec.cat\/escolapau\/wp-content\/uploads\/usu1926\/2022\/04\/Captura-de-pantalla-2022-04-30-a-las-10.24.46-300x164.png 300w\" sizes=\"auto, (max-width: 600px) 100vw, 600px\" \/><\/a><\/p>\n<h6 style=\"text-align: center;\">Tot seguit vam ballar tots junts per deixar anar les tensions d&#8217;aquests dos darrers anys.<\/h6>\n<p><img loading=\"lazy\" decoding=\"async\" class=\"size-full wp-image-2475 aligncenter\" src=\"https:\/\/agora.xtec.cat\/escolapau\/wp-content\/uploads\/usu1926\/2022\/04\/Captura-de-pantalla-2022-04-30-a-las-21.54.35.png\" alt=\"\" width=\"614\" height=\"346\" srcset=\"https:\/\/agora.xtec.cat\/escolapau\/wp-content\/uploads\/usu1926\/2022\/04\/Captura-de-pantalla-2022-04-30-a-las-21.54.35.png 614w, https:\/\/agora.xtec.cat\/escolapau\/wp-content\/uploads\/usu1926\/2022\/04\/Captura-de-pantalla-2022-04-30-a-las-21.54.35-300x169.png 300w\" sizes=\"auto, (max-width: 614px) 100vw, 614px\" \/><\/p>\n<p style=\"text-align: center;\"><a href=\"https:\/\/drive.google.com\/file\/d\/1fVP7-w58cvtUS1OI5otM39_rASKc8LpX\/view?usp=sharing\">clica l&#8217;enlla\u00e7<\/a><\/p>\n<p>Un cop iniciada l&#8217;assemblea, l&#8217;ordre del dia ha estat decidir el centre d&#8217;inter\u00e8s de la festa de final de curs d&#8217;aquest any. Com que aix\u00f2 ha de ser un secret molt ben guardat, nom\u00e9s us en mostrarem fotografies. Els i les nenes de cada cicle van fer propostes molt interessants.<\/p>\n<p>&nbsp;<\/p>\n<p><a href=\"https:\/\/agora.xtec.cat\/escolapau\/wp-content\/uploads\/usu1926\/2022\/04\/EI-1.png\"><img loading=\"lazy\" decoding=\"async\" class=\"wp-image-2465 alignleft\" src=\"https:\/\/agora.xtec.cat\/escolapau\/wp-content\/uploads\/usu1926\/2022\/04\/EI-1-981x1024.png\" alt=\"\" width=\"246\" height=\"257\" srcset=\"https:\/\/agora.xtec.cat\/escolapau\/wp-content\/uploads\/usu1926\/2022\/04\/EI-1-981x1024.png 981w, https:\/\/agora.xtec.cat\/escolapau\/wp-content\/uploads\/usu1926\/2022\/04\/EI-1-287x300.png 287w, https:\/\/agora.xtec.cat\/escolapau\/wp-content\/uploads\/usu1926\/2022\/04\/EI-1-768x802.png 768w, https:\/\/agora.xtec.cat\/escolapau\/wp-content\/uploads\/usu1926\/2022\/04\/EI-1.png 1200w\" sizes=\"auto, (max-width: 246px) 100vw, 246px\" \/><\/a><a href=\"https:\/\/agora.xtec.cat\/escolapau\/wp-content\/uploads\/usu1926\/2022\/04\/CI-1.png\"><img loading=\"lazy\" decoding=\"async\" class=\"wp-image-2462 aligncenter\" src=\"https:\/\/agora.xtec.cat\/escolapau\/wp-content\/uploads\/usu1926\/2022\/04\/CI-1-1024x714.png\" alt=\"\" width=\"385\" height=\"269\" srcset=\"https:\/\/agora.xtec.cat\/escolapau\/wp-content\/uploads\/usu1926\/2022\/04\/CI-1-1024x714.png 1024w, https:\/\/agora.xtec.cat\/escolapau\/wp-content\/uploads\/usu1926\/2022\/04\/CI-1-300x209.png 300w, https:\/\/agora.xtec.cat\/escolapau\/wp-content\/uploads\/usu1926\/2022\/04\/CI-1-768x536.png 768w, https:\/\/agora.xtec.cat\/escolapau\/wp-content\/uploads\/usu1926\/2022\/04\/CI-1.png 1200w\" sizes=\"auto, (max-width: 385px) 100vw, 385px\" \/><\/a><\/p>\n<p><a href=\"https:\/\/agora.xtec.cat\/escolapau\/wp-content\/uploads\/usu1926\/2022\/04\/CM-1.png\"><br \/>\n<\/a><a href=\"https:\/\/agora.xtec.cat\/escolapau\/wp-content\/uploads\/usu1926\/2022\/04\/cs-1.png\"><img loading=\"lazy\" decoding=\"async\" class=\"wp-image-2464 alignleft\" src=\"https:\/\/agora.xtec.cat\/escolapau\/wp-content\/uploads\/usu1926\/2022\/04\/cs-1.png\" alt=\"\" width=\"291\" height=\"304\" srcset=\"https:\/\/agora.xtec.cat\/escolapau\/wp-content\/uploads\/usu1926\/2022\/04\/cs-1.png 789w, https:\/\/agora.xtec.cat\/escolapau\/wp-content\/uploads\/usu1926\/2022\/04\/cs-1-287x300.png 287w, https:\/\/agora.xtec.cat\/escolapau\/wp-content\/uploads\/usu1926\/2022\/04\/cs-1-768x802.png 768w\" sizes=\"auto, (max-width: 291px) 100vw, 291px\" \/><\/a><a href=\"https:\/\/agora.xtec.cat\/escolapau\/wp-content\/uploads\/usu1926\/2022\/04\/CM-1.png\"><img loading=\"lazy\" decoding=\"async\" class=\"wp-image-2463 aligncenter\" src=\"https:\/\/agora.xtec.cat\/escolapau\/wp-content\/uploads\/usu1926\/2022\/04\/CM-1-1024x773.png\" alt=\"\" width=\"306\" height=\"231\" srcset=\"https:\/\/agora.xtec.cat\/escolapau\/wp-content\/uploads\/usu1926\/2022\/04\/CM-1-1024x773.png 1024w, https:\/\/agora.xtec.cat\/escolapau\/wp-content\/uploads\/usu1926\/2022\/04\/CM-1-300x227.png 300w, https:\/\/agora.xtec.cat\/escolapau\/wp-content\/uploads\/usu1926\/2022\/04\/CM-1-768x580.png 768w, https:\/\/agora.xtec.cat\/escolapau\/wp-content\/uploads\/usu1926\/2022\/04\/CM-1-200x150.png 200w, https:\/\/agora.xtec.cat\/escolapau\/wp-content\/uploads\/usu1926\/2022\/04\/CM-1.png 1200w\" sizes=\"auto, (max-width: 306px) 100vw, 306px\" \/><\/a><\/p>\n<p>&nbsp;<\/p>\n<p>&nbsp;<\/p>\n<h4 style=\"text-align: center;\">Finalment, i despr\u00e9s d&#8217;un bon retoc de tambors:<\/h4>\n<p><a href=\"https:\/\/agora.xtec.cat\/escolapau\/wp-content\/uploads\/usu1926\/2022\/04\/tambor.gif\"><img loading=\"lazy\" decoding=\"async\" class=\"aligncenter wp-image-2477\" src=\"https:\/\/agora.xtec.cat\/escolapau\/wp-content\/uploads\/usu1926\/2022\/04\/tambor.gif\" alt=\"\" width=\"262\" height=\"139\" \/><\/a><a href=\"https:\/\/agora.xtec.cat\/escolapau\/wp-content\/uploads\/usu1926\/2022\/04\/IMG_4589.jpg\"><img loading=\"lazy\" decoding=\"async\" class=\"aligncenter wp-image-2468\" src=\"https:\/\/agora.xtec.cat\/escolapau\/wp-content\/uploads\/usu1926\/2022\/04\/IMG_4589-1024x768.jpg\" alt=\"\" width=\"658\" height=\"493\" srcset=\"https:\/\/agora.xtec.cat\/escolapau\/wp-content\/uploads\/usu1926\/2022\/04\/IMG_4589-1024x768.jpg 1024w, https:\/\/agora.xtec.cat\/escolapau\/wp-content\/uploads\/usu1926\/2022\/04\/IMG_4589-300x225.jpg 300w, https:\/\/agora.xtec.cat\/escolapau\/wp-content\/uploads\/usu1926\/2022\/04\/IMG_4589-768x576.jpg 768w, https:\/\/agora.xtec.cat\/escolapau\/wp-content\/uploads\/usu1926\/2022\/04\/IMG_4589-200x150.jpg 200w, https:\/\/agora.xtec.cat\/escolapau\/wp-content\/uploads\/usu1926\/2022\/04\/IMG_4589.jpg 1200w\" sizes=\"auto, (max-width: 658px) 100vw, 658px\" \/><\/a><\/p>\n<h3 style=\"text-align: center;\">VA GUANYAR&#8230;<\/h3>\n<p><a href=\"https:\/\/agora.xtec.cat\/escolapau\/wp-content\/uploads\/usu1926\/2022\/04\/cooltext409820235853129.gif\"><img loading=\"lazy\" decoding=\"async\" class=\"aligncenter size-full wp-image-2472\" src=\"https:\/\/agora.xtec.cat\/escolapau\/wp-content\/uploads\/usu1926\/2022\/04\/cooltext409820235853129.gif\" alt=\"\" width=\"686\" height=\"80\" \/><\/a><\/p>\n<p>&nbsp;<\/p>\n","protected":false},"excerpt":{"rendered":"<p><a href=\"https:\/\/agora.xtec.cat\/escolapau\/wp-content\/uploads\/usu1926\/2022\/04\/Cool-Text-ASSEMBLEA-GENERAL-409819533211594-1.png\"><\/a><br \/>\nAquest passat divendres 29 d&#8217;abril vam poder celebrar la primera assemblea general des de fa dos anys. Sense mascaretes i tots junts, des de P3 a 6\u00e8. No pod\u00edem inaugurar aquest acte sense fer gresca de deb\u00f2. Primer vam comen\u00e7ar les i els mestres&hellip;  <a href=\"https:\/\/agora.xtec.cat\/escolapau\/general\/assemblea-general\/\" title=\"Read ASSEMBLEA GENERAL\">Llegeix m\u00e9s\u00bb<\/a><\/p>\n","protected":false},"author":1,"featured_media":2467,"comment_status":"open","ping_status":"closed","sticky":false,"template":"","format":"standard","meta":{"_bbp_topic_count":0,"_bbp_reply_count":0,"_bbp_total_topic_count":0,"_bbp_total_reply_count":0,"_bbp_voice_count":0,"_bbp_anonymous_reply_count":0,"_bbp_topic_count_hidden":0,"_bbp_reply_count_hidden":0,"_bbp_forum_subforum_count":0,"footnotes":""},"categories":[1,4],"tags":[],"class_list":["post-2455","post","type-post","status-publish","format-standard","has-post-thumbnail","hentry","category-general","category-portada"],"post_mailing_queue_ids":[],"_links":{"self":[{"href":"https:\/\/agora.xtec.cat\/escolapau\/wp-json\/wp\/v2\/posts\/2455","targetHints":{"allow":["GET"]}}],"collection":[{"href":"https:\/\/agora.xtec.cat\/escolapau\/wp-json\/wp\/v2\/posts"}],"about":[{"href":"https:\/\/agora.xtec.cat\/escolapau\/wp-json\/wp\/v2\/types\/post"}],"author":[{"embeddable":true,"href":"https:\/\/agora.xtec.cat\/escolapau\/wp-json\/wp\/v2\/users\/1"}],"replies":[{"embeddable":true,"href":"https:\/\/agora.xtec.cat\/escolapau\/wp-json\/wp\/v2\/comments?post=2455"}],"version-history":[{"count":3,"href":"https:\/\/agora.xtec.cat\/escolapau\/wp-json\/wp\/v2\/posts\/2455\/revisions"}],"predecessor-version":[{"id":2479,"href":"https:\/\/agora.xtec.cat\/escolapau\/wp-json\/wp\/v2\/posts\/2455\/revisions\/2479"}],"wp:featuredmedia":[{"embeddable":true,"href":"https:\/\/agora.xtec.cat\/escolapau\/wp-json\/wp\/v2\/media\/2467"}],"wp:attachment":[{"href":"https:\/\/agora.xtec.cat\/escolapau\/wp-json\/wp\/v2\/media?parent=2455"}],"wp:term":[{"taxonomy":"category","embeddable":true,"href":"https:\/\/agora.xtec.cat\/escolapau\/wp-json\/wp\/v2\/categories?post=2455"},{"taxonomy":"post_tag","embeddable":true,"href":"https:\/\/agora.xtec.cat\/escolapau\/wp-json\/wp\/v2\/tags?post=2455"}],"curies":[{"name":"wp","href":"https:\/\/api.w.org\/{rel}","templated":true}]}}