{"id":2371,"date":"2022-03-31T16:33:36","date_gmt":"2022-03-31T14:33:36","guid":{"rendered":"https:\/\/agora.xtec.cat\/escolapau\/?p=2371"},"modified":"2022-03-31T22:54:50","modified_gmt":"2022-03-31T20:54:50","slug":"2371","status":"publish","type":"post","link":"https:\/\/agora.xtec.cat\/escolapau\/general\/2371\/","title":{"rendered":"Excursi\u00f3 al Castell de Querman\u00e7\u00f3"},"content":{"rendered":"<p><a href=\"https:\/\/agora.xtec.cat\/escolapau\/wp-content\/uploads\/usu1926\/2022\/03\/coollogo_com-307211589.png\"><img loading=\"lazy\" decoding=\"async\" class=\"aligncenter size-large wp-image-2373\" src=\"https:\/\/agora.xtec.cat\/escolapau\/wp-content\/uploads\/usu1926\/2022\/03\/coollogo_com-307211589-1024x96.png\" alt=\"\" width=\"1024\" height=\"96\" srcset=\"https:\/\/agora.xtec.cat\/escolapau\/wp-content\/uploads\/usu1926\/2022\/03\/coollogo_com-307211589-1024x96.png 1024w, https:\/\/agora.xtec.cat\/escolapau\/wp-content\/uploads\/usu1926\/2022\/03\/coollogo_com-307211589-300x28.png 300w, https:\/\/agora.xtec.cat\/escolapau\/wp-content\/uploads\/usu1926\/2022\/03\/coollogo_com-307211589-768x72.png 768w, https:\/\/agora.xtec.cat\/escolapau\/wp-content\/uploads\/usu1926\/2022\/03\/coollogo_com-307211589.png 1232w\" sizes=\"auto, (max-width: 1024px) 100vw, 1024px\" \/><\/a><a href=\"https:\/\/agora.xtec.cat\/escolapau\/wp-content\/uploads\/usu1926\/2022\/03\/1648211762665-scaled.jpg\"><img loading=\"lazy\" decoding=\"async\" class=\"aligncenter wp-image-2372\" src=\"https:\/\/agora.xtec.cat\/escolapau\/wp-content\/uploads\/usu1926\/2022\/03\/1648211762665-1024x768.jpg\" alt=\"\" width=\"551\" height=\"413\" srcset=\"https:\/\/agora.xtec.cat\/escolapau\/wp-content\/uploads\/usu1926\/2022\/03\/1648211762665-1024x768.jpg 1024w, https:\/\/agora.xtec.cat\/escolapau\/wp-content\/uploads\/usu1926\/2022\/03\/1648211762665-300x225.jpg 300w, https:\/\/agora.xtec.cat\/escolapau\/wp-content\/uploads\/usu1926\/2022\/03\/1648211762665-768x576.jpg 768w, https:\/\/agora.xtec.cat\/escolapau\/wp-content\/uploads\/usu1926\/2022\/03\/1648211762665-1536x1152.jpg 1536w, https:\/\/agora.xtec.cat\/escolapau\/wp-content\/uploads\/usu1926\/2022\/03\/1648211762665-2048x1536.jpg 2048w, https:\/\/agora.xtec.cat\/escolapau\/wp-content\/uploads\/usu1926\/2022\/03\/1648211762665-200x150.jpg 200w\" sizes=\"auto, (max-width: 551px) 100vw, 551px\" \/><\/a><\/p>\n<p>&nbsp;<\/p>\n<p>El divendres 25 de mar\u00e7 tot l&#8217;alumnat de prim\u00e0ria vam marxar d&#8217;excursi\u00f3 a con\u00e8ixer el CASTELL DE\u00a0<span class=\"hiddenSpellError\">QUERMAN\u00c7\u00d3<\/span>. En aquesta visita vam aprendre una mica m\u00e9s sobre el nostre entorn cultural i natural i vam gaudir de l&#8217;activitat f\u00edsica. Vam anar a caminant i vam rec\u00f3rrer un total de 12&#8217;4 km.<\/p>\n<p>Vam contractar una visita guiada amb una historiadora que ens va fer ser conscients de la import\u00e0ncia estrat\u00e8gica del castell i el seu paper en el proc\u00e9s hist\u00f2ric.<\/p>\n<p>El Sr. Martorell, actual custodi del castell ens va acompanyar i ens va explicar que en Dal\u00ed, va pensar a instal\u00b7lar a dalt del castell un orgue que son\u00e9s amb el vent&#8230; L&#8217;<span class=\"hiddenGrammarError\" style=\"padding-bottom: 2px; background-image: url('..\/..\/..\/..\/..\/images\/squiggle.png'); background-repeat: repeat-x; background-position: left bottom; cursor: default; color: #000000; font-family: 'Open Sans', Helvetica, Arial, sans-serif; font-size: 16px; font-style: normal; font-variant-ligatures: normal; font-variant-caps: normal; font-weight: 300; letter-spacing: normal; orphans: 2; text-align: start; text-indent: 0px; text-transform: none; white-space: normal; widows: 2; word-spacing: 0px; -webkit-text-stroke-width: 0px; text-decoration-thickness: initial; text-decoration-style: initial; text-decoration-color: initial;\">Orgue<\/span>\u00a0de la Tramuntana. Aquest projecte no s&#8217;ha pogut realitzar per manca de pressupost, per\u00f2\u00a0s\u00ed que\u00a0s&#8217;ha instal\u00b7lat un monument,\u00a0un petit orgue de 7 tubs que tamb\u00e9 pot sonar amb el vent i que en fa refer\u00e8ncia a aquest projecte.<\/p>\n<p>Volem felicitar a tots els nens i nenes per la seva atenci\u00f3 durant la visita i el seu esfor\u00e7 i superaci\u00f3 durant la caminada.<\/p>\n<p>A l&#8217;enlla\u00e7 teniu les fotos de la jornada.<\/p>\n<p><a href=\"https:\/\/drive.google.com\/drive\/folders\/1mbwV4NF7Xnm9izUr-3Tzq-NbChpn7mq8?usp=sharing\">Excursi\u00f3 Castell Querman\u00e7\u00f3<\/a><\/p>\n<p><a href=\"https:\/\/agora.xtec.cat\/escolapau\/wp-content\/uploads\/usu1926\/2022\/03\/1648734726101.jpg\"><img loading=\"lazy\" decoding=\"async\" class=\"aligncenter size-large wp-image-2393\" src=\"https:\/\/agora.xtec.cat\/escolapau\/wp-content\/uploads\/usu1926\/2022\/03\/1648734726101-1024x768.jpg\" alt=\"\" width=\"1024\" height=\"768\" srcset=\"https:\/\/agora.xtec.cat\/escolapau\/wp-content\/uploads\/usu1926\/2022\/03\/1648734726101-1024x768.jpg 1024w, https:\/\/agora.xtec.cat\/escolapau\/wp-content\/uploads\/usu1926\/2022\/03\/1648734726101-300x225.jpg 300w, https:\/\/agora.xtec.cat\/escolapau\/wp-content\/uploads\/usu1926\/2022\/03\/1648734726101-768x576.jpg 768w, https:\/\/agora.xtec.cat\/escolapau\/wp-content\/uploads\/usu1926\/2022\/03\/1648734726101-1536x1152.jpg 1536w, https:\/\/agora.xtec.cat\/escolapau\/wp-content\/uploads\/usu1926\/2022\/03\/1648734726101-200x150.jpg 200w, https:\/\/agora.xtec.cat\/escolapau\/wp-content\/uploads\/usu1926\/2022\/03\/1648734726101.jpg 1600w\" sizes=\"auto, (max-width: 1024px) 100vw, 1024px\" \/><\/a><\/p>\n<p>&nbsp;<\/p>\n","protected":false},"excerpt":{"rendered":"<p><a href=\"https:\/\/agora.xtec.cat\/escolapau\/wp-content\/uploads\/usu1926\/2022\/03\/coollogo_com-307211589.png\"><\/a><a href=\"https:\/\/agora.xtec.cat\/escolapau\/wp-content\/uploads\/usu1926\/2022\/03\/1648211762665-scaled.jpg\"><\/a><br \/>\n&nbsp;<br \/>\nEl divendres 25 de mar\u00e7 tot l&#8217;alumnat de prim\u00e0ria vam marxar d&#8217;excursi\u00f3 a con\u00e8ixer el CASTELL DE\u00a0QUERMAN\u00c7\u00d3. En aquesta visita vam aprendre una mica m\u00e9s sobre el nostre entorn cultural i natural i vam gaudir de l&#8217;activitat f\u00edsica. Vam anar a caminant i&hellip;  <a href=\"https:\/\/agora.xtec.cat\/escolapau\/general\/2371\/\" title=\"Read Excursi\u00f3 al Castell de Querman\u00e7\u00f3\">Llegeix m\u00e9s\u00bb<\/a><\/p>\n","protected":false},"author":1,"featured_media":2393,"comment_status":"open","ping_status":"closed","sticky":false,"template":"","format":"standard","meta":{"_bbp_topic_count":0,"_bbp_reply_count":0,"_bbp_total_topic_count":0,"_bbp_total_reply_count":0,"_bbp_voice_count":0,"_bbp_anonymous_reply_count":0,"_bbp_topic_count_hidden":0,"_bbp_reply_count_hidden":0,"_bbp_forum_subforum_count":0,"footnotes":""},"categories":[1,4],"tags":[],"class_list":["post-2371","post","type-post","status-publish","format-standard","has-post-thumbnail","hentry","category-general","category-portada"],"post_mailing_queue_ids":[],"_links":{"self":[{"href":"https:\/\/agora.xtec.cat\/escolapau\/wp-json\/wp\/v2\/posts\/2371","targetHints":{"allow":["GET"]}}],"collection":[{"href":"https:\/\/agora.xtec.cat\/escolapau\/wp-json\/wp\/v2\/posts"}],"about":[{"href":"https:\/\/agora.xtec.cat\/escolapau\/wp-json\/wp\/v2\/types\/post"}],"author":[{"embeddable":true,"href":"https:\/\/agora.xtec.cat\/escolapau\/wp-json\/wp\/v2\/users\/1"}],"replies":[{"embeddable":true,"href":"https:\/\/agora.xtec.cat\/escolapau\/wp-json\/wp\/v2\/comments?post=2371"}],"version-history":[{"count":4,"href":"https:\/\/agora.xtec.cat\/escolapau\/wp-json\/wp\/v2\/posts\/2371\/revisions"}],"predecessor-version":[{"id":2407,"href":"https:\/\/agora.xtec.cat\/escolapau\/wp-json\/wp\/v2\/posts\/2371\/revisions\/2407"}],"wp:featuredmedia":[{"embeddable":true,"href":"https:\/\/agora.xtec.cat\/escolapau\/wp-json\/wp\/v2\/media\/2393"}],"wp:attachment":[{"href":"https:\/\/agora.xtec.cat\/escolapau\/wp-json\/wp\/v2\/media?parent=2371"}],"wp:term":[{"taxonomy":"category","embeddable":true,"href":"https:\/\/agora.xtec.cat\/escolapau\/wp-json\/wp\/v2\/categories?post=2371"},{"taxonomy":"post_tag","embeddable":true,"href":"https:\/\/agora.xtec.cat\/escolapau\/wp-json\/wp\/v2\/tags?post=2371"}],"curies":[{"name":"wp","href":"https:\/\/api.w.org\/{rel}","templated":true}]}}