{"id":2326,"date":"2022-03-11T20:26:19","date_gmt":"2022-03-11T19:26:19","guid":{"rendered":"https:\/\/agora.xtec.cat\/escolapau\/?p=2326"},"modified":"2024-04-16T14:20:40","modified_gmt":"2024-04-16T12:20:40","slug":"volem-internacionalitzar-nos","status":"publish","type":"post","link":"https:\/\/agora.xtec.cat\/escolapau\/general\/volem-internacionalitzar-nos\/","title":{"rendered":"VOLEM INTERNACIONALITZAR-NOS"},"content":{"rendered":"<header class=\"entry-header\">\n<h1 class=\"entry-title\">VOLEM INTERNACIONALITZAR-NOS!!!<\/h1>\n<\/header>\n<div class=\"entry-content\">\n<p>El passat 23 de febrer va finalitzar la convocat\u00f2ria per participar en el Programa Europeu Erasmus+.<\/p>\n<p>El nostre centre hi va participar amb l\u2019objectiu de poder realitzar en l\u2019estranger la formaci\u00f3 del professorat que ens permeti:<img loading=\"lazy\" decoding=\"async\" class=\"alignleft\" src=\"https:\/\/agora.xtec.cat\/escolapau\/wp-content\/uploads\/usu1926\/2022\/03\/Erasmus.jpeg\" width=\"273\" height=\"273\" \/><\/p>\n<ul>\n<li>Millorar les compet\u00e8ncies b\u00e0siques de l\u2019alumnat en llengua anglesa i en compet\u00e8ncia digital.<\/li>\n<li>Introduir de forma progressiva una metodologia competencial de projectes a l\u2019\u00e0rea de llengua anglesa.<\/li>\n<\/ul>\n<p><span class=\"hiddenGrammarError\">Altre<\/span>\u00a0gran objectiu d\u2019aquest projecte \u00e9s obrir la nostra escola a Europa i al m\u00f3n. \u00c9s el primer pas per consolidar una din\u00e0mica d\u2019intercanvis de la que es pugui beneficiar el conjunt de la comunitat educativa.<\/p>\n<p>La presentaci\u00f3 d\u2019aquest projecte va directament lligada amb la realitzaci\u00f3 d\u2019un projecte<br \/>\ne-<span class=\"hiddenSpellError\">Twinning<\/span>\u00a0amb l\u2019alumnat de cicle mitj\u00e0.<\/p>\n<p>Els projectes\u00a0<span class=\"hiddenSpellError\">eTwinning<\/span>\u00a0promouen la col\u00b7laboraci\u00f3 escolar en Europa utilitzant les tecnologies de la informaci\u00f3 i la comunicaci\u00f3 (TIC) i recolzen als centres escolars oferint-los les eines i els serveis necessaris que facilitin la seva associaci\u00f3 pel desenvolupament d\u2019un projecte en com\u00fa.<\/p>\n<p>El nostre projecte e-Twinning es titula:<\/p>\n<p><strong><span class=\"hiddenSpellError\">What<\/span>\u00a0do\u00a0<span class=\"hiddenSpellError\">you<\/span>\u00a0<span class=\"hiddenGreenError\">play<\/span>\u00a0<span class=\"hiddenSpellError\">at<\/span>\u00a0<span class=\"hiddenSpellError\">your<\/span>\u00a0<span class=\"hiddenSpellError\">school<\/span>? Let\u2019s\u00a0<span class=\"hiddenGreenError\">play together!<\/span><img decoding=\"async\" class=\"alignright\" src=\"https:\/\/agora.xtec.cat\/escolapau\/wp-content\/uploads\/usu1926\/2022\/03\/etwinning_-_imagen-300x120.png\" \/><\/strong><\/p>\n<p>Aquest projecte l\u2019iniciarem aquest curs amb una escola de Turquia. Mitjan\u00e7ant un seguit d\u2019activitats diverses els infants hauran de presentar-se, presentar el seu centre, triar jocs, explicar-los i compartir-los amb els companys\/es de l\u2019altra escola. Tot aix\u00f2 fent servir l\u2019angl\u00e8s com a llengua de comunicaci\u00f3.<\/p>\n<p>Tot plegat \u00e9s un gran repte que afrontem amb ganes i il\u00b7lusi\u00f3. Esperem poder informar-vos que el projecte Erasmus ha estat aprovat i del desenvolupament de les activitats del projecte\u00a0<span class=\"hiddenSpellError\">eTwinning<\/span>.<\/p>\n<\/div>\n","protected":false},"excerpt":{"rendered":"<p>VOLEM INTERNACIONALITZAR-NOS!!!<\/p>\n<p>El passat 23 de febrer va finalitzar la convocat\u00f2ria per participar en el Programa Europeu Erasmus+.<br \/>\nEl nostre centre hi va participar amb l\u2019objectiu de poder realitzar en l\u2019estranger la formaci\u00f3 del professorat que ens permeti:<\/p>\n<ul>\n<li>Millorar les compet\u00e8ncies b\u00e0siques de l\u2019alumnat en llengua anglesa i&hellip;  <a href=\"https:\/\/agora.xtec.cat\/escolapau\/general\/volem-internacionalitzar-nos\/\" title=\"Read VOLEM INTERNACIONALITZAR-NOS\">Llegeix m\u00e9s\u00bb<\/a><br \/>\n","protected":false},"author":1,"featured_media":2269,"comment_status":"open","ping_status":"closed","sticky":false,"template":"","format":"standard","meta":{"_bbp_topic_count":0,"_bbp_reply_count":0,"_bbp_total_topic_count":0,"_bbp_total_reply_count":0,"_bbp_voice_count":0,"_bbp_anonymous_reply_count":0,"_bbp_topic_count_hidden":0,"_bbp_reply_count_hidden":0,"_bbp_forum_subforum_count":0,"footnotes":""},"categories":[91,1,4],"tags":[],"class_list":["post-2326","post","type-post","status-publish","format-standard","has-post-thumbnail","hentry","category-erasmus","category-general","category-portada"],"post_mailing_queue_ids":[],"_links":{"self":[{"href":"https:\/\/agora.xtec.cat\/escolapau\/wp-json\/wp\/v2\/posts\/2326","targetHints":{"allow":["GET"]}}],"collection":[{"href":"https:\/\/agora.xtec.cat\/escolapau\/wp-json\/wp\/v2\/posts"}],"about":[{"href":"https:\/\/agora.xtec.cat\/escolapau\/wp-json\/wp\/v2\/types\/post"}],"author":[{"embeddable":true,"href":"https:\/\/agora.xtec.cat\/escolapau\/wp-json\/wp\/v2\/users\/1"}],"replies":[{"embeddable":true,"href":"https:\/\/agora.xtec.cat\/escolapau\/wp-json\/wp\/v2\/comments?post=2326"}],"version-history":[{"count":1,"href":"https:\/\/agora.xtec.cat\/escolapau\/wp-json\/wp\/v2\/posts\/2326\/revisions"}],"predecessor-version":[{"id":2327,"href":"https:\/\/agora.xtec.cat\/escolapau\/wp-json\/wp\/v2\/posts\/2326\/revisions\/2327"}],"wp:featuredmedia":[{"embeddable":true,"href":"https:\/\/agora.xtec.cat\/escolapau\/wp-json\/wp\/v2\/media\/2269"}],"wp:attachment":[{"href":"https:\/\/agora.xtec.cat\/escolapau\/wp-json\/wp\/v2\/media?parent=2326"}],"wp:term":[{"taxonomy":"category","embeddable":true,"href":"https:\/\/agora.xtec.cat\/escolapau\/wp-json\/wp\/v2\/categories?post=2326"},{"taxonomy":"post_tag","embeddable":true,"href":"https:\/\/agora.xtec.cat\/escolapau\/wp-json\/wp\/v2\/tags?post=2326"}],"curies":[{"name":"wp","href":"https:\/\/api.w.org\/{rel}","templated":true}]}}