{"id":2324,"date":"2022-03-11T20:25:42","date_gmt":"2022-03-11T19:25:42","guid":{"rendered":"https:\/\/agora.xtec.cat\/escolapau\/?p=2324"},"modified":"2022-03-11T21:10:02","modified_gmt":"2022-03-11T20:10:02","slug":"carnestoltes","status":"publish","type":"post","link":"https:\/\/agora.xtec.cat\/escolapau\/general\/carnestoltes\/","title":{"rendered":"CARNESTOLTES"},"content":{"rendered":"<p><a href=\"https:\/\/agora.xtec.cat\/escolapau\/wp-content\/uploads\/usu1926\/2022\/02\/coollogo_com-21030630-1.png\"><img loading=\"lazy\" decoding=\"async\" class=\"aligncenter size-full wp-image-2265\" src=\"https:\/\/agora.xtec.cat\/escolapau\/wp-content\/uploads\/usu1926\/2022\/02\/coollogo_com-21030630-1.png\" sizes=\"auto, (max-width: 973px) 100vw, 973px\" srcset=\"https:\/\/agora.xtec.cat\/escolapau\/wp-content\/uploads\/usu1926\/2022\/02\/coollogo_com-21030630-1.png 973w, https:\/\/agora.xtec.cat\/escolapau\/wp-content\/uploads\/usu1926\/2022\/02\/coollogo_com-21030630-1-300x26.png 300w, https:\/\/agora.xtec.cat\/escolapau\/wp-content\/uploads\/usu1926\/2022\/02\/coollogo_com-21030630-1-768x67.png 768w\" alt=\"\" width=\"973\" height=\"85\" \/><\/a><\/p>\n<p><a href=\"https:\/\/agora.xtec.cat\/escolapau\/wp-content\/uploads\/usu1926\/2022\/02\/IMG_20220225_155927-scaled.jpg\"><img loading=\"lazy\" decoding=\"async\" class=\"aligncenter size-large wp-image-2267\" src=\"https:\/\/agora.xtec.cat\/escolapau\/wp-content\/uploads\/usu1926\/2022\/02\/IMG_20220225_155927-1024x781.jpg\" sizes=\"auto, (max-width: 1024px) 100vw, 1024px\" srcset=\"https:\/\/agora.xtec.cat\/escolapau\/wp-content\/uploads\/usu1926\/2022\/02\/IMG_20220225_155927-1024x781.jpg 1024w, https:\/\/agora.xtec.cat\/escolapau\/wp-content\/uploads\/usu1926\/2022\/02\/IMG_20220225_155927-300x229.jpg 300w, https:\/\/agora.xtec.cat\/escolapau\/wp-content\/uploads\/usu1926\/2022\/02\/IMG_20220225_155927-768x586.jpg 768w, https:\/\/agora.xtec.cat\/escolapau\/wp-content\/uploads\/usu1926\/2022\/02\/IMG_20220225_155927-1536x1172.jpg 1536w, https:\/\/agora.xtec.cat\/escolapau\/wp-content\/uploads\/usu1926\/2022\/02\/IMG_20220225_155927-2048x1562.jpg 2048w\" alt=\"\" width=\"1024\" height=\"781\" \/><\/a>Quina setmana de bojos!! Aquesta setmana no hem parat.<\/p>\n<p>Dilluns, a primera hora ja ten\u00edem als nens i nenes del Cicle Superior comprovant que tothom hagu\u00e9s complert les consignes\u2026 Cada dia ha estat una diferent i ha sigut molt divertit veure\u2019ns tot@s guarnits. Un dia en pijama, cara pintada, disfressats d\u2019oficis, pentinat estramb\u00f2tic<span class=\"hiddenGrammarError\">\u2026.<\/span><\/p>\n<p>Dimarts, tots hem hagut d\u2019afanyar-nos a donar els \u00faltims retocs a les nostres disfresses que hem realitzat amb materials reciclats perqu\u00e8 cada vegada en som m\u00e9s conscients de la necessitat de tenir cura del medi ambient.<\/p>\n<p>Dimecres vam fer la segona part de la sortida dels RASTRES que vam iniciar la setmana passada. Va ser\u00a0<span class=\"hiddenSpellError\">s\u00faperinteressant<\/span>!! Les c\u00e0meres d\u2019infrarojos que vam connectar van detectar ocells, ratolins, fins i tot un porc senglar!!!<\/p>\n<p>Les bi\u00f2logues de La\u00a0<span class=\"hiddenSpellError\">Sorellona<\/span>\u00a0ens van fer jocs per aprendre a diferenciar els diferents rastres i tamb\u00e9 vam fer un taller de petjades en fang. Hem apr\u00e8s\u00a0<span class=\"hiddenSpellError\">mooolt<\/span>!!<\/p>\n<p>Dijous, al mat\u00ed vam fer els tallers d\u2019emocions subvencionats per l\u2019Ajuntament i a la tarda vam anar tots junts a menjar la botifarra d\u2019ou fora de l\u2019escola.<\/p>\n<p>Divendres, la nostra escola es va convertir en un gran museu. Cada classe representava les obres d\u2019un pintor o pintora que hav\u00edem estat treballant les setmanes anteriors:<\/p>\n<p>Piet Mondrian,\u00a0<span class=\"hiddenSpellError\">Yayoi<\/span>\u00a0<span class=\"hiddenSpellError\">Kusana<\/span><span class=\"hiddenGrammarError\">\u00a0,<\/span>\u00a0Leonardo da Vinci i la il\u00b7lustradora catalana Montse Casas Sur\u00f2s.<\/p>\n<p>I les mestres les vigilants del museu!!<\/p>\n<p>La setmana vinent m\u00e9s i millor!!!\u00a0Hem\u00a0d\u2019enterrar la sardina!!<\/p>\n<p>En aquests enlla\u00e7os trobareu les millors imatges de la setmana i anirem afegint m\u00e9s\u00a0<a href=\"https:\/\/photos.app.goo.gl\/Zdge2dcgyxgZM2E28\">\u00a0Google Fotos<\/a><\/p>\n<p><a href=\"https:\/\/drive.google.com\/file\/d\/1ATGTOckM3nl5q27Iz-C5HmjWdP6xIhEX\/view?usp=sharing\">Rastres Sortida del Parc Natural del Cap de Creus<\/a><\/p>\n<p><a href=\"https:\/\/drive.google.com\/drive\/folders\/1pwix8Ihtbb7b0lAsoScxwbSOodrVTNu_?usp=sharing\">Carnestoltes\u00b422<\/a><\/p>\n<p><a href=\"https:\/\/photos.app.goo.gl\/Zdge2dcgyxgZM2E28\">Carnestoltes 2022 Google fotos<\/a><\/p>\n<p>&nbsp;<\/p>\n","protected":false},"excerpt":{"rendered":"<p><a href=\"https:\/\/agora.xtec.cat\/escolapau\/wp-content\/uploads\/usu1926\/2022\/02\/coollogo_com-21030630-1.png\"><\/a><br \/>\n<a href=\"https:\/\/agora.xtec.cat\/escolapau\/wp-content\/uploads\/usu1926\/2022\/02\/IMG_20220225_155927-scaled.jpg\"><\/a>Quina setmana de bojos!! Aquesta setmana no hem parat.<br \/>\nDilluns, a primera hora ja ten\u00edem als nens i nenes del Cicle Superior comprovant que tothom hagu\u00e9s complert les consignes\u2026 Cada dia ha estat una diferent i ha sigut molt divertit veure\u2019ns tot@s guarnits. Un&hellip;  <a href=\"https:\/\/agora.xtec.cat\/escolapau\/general\/carnestoltes\/\" title=\"Read CARNESTOLTES\">Llegeix m\u00e9s\u00bb<\/a><\/p>\n","protected":false},"author":1,"featured_media":2265,"comment_status":"open","ping_status":"closed","sticky":false,"template":"","format":"standard","meta":{"_bbp_topic_count":0,"_bbp_reply_count":0,"_bbp_total_topic_count":0,"_bbp_total_reply_count":0,"_bbp_voice_count":0,"_bbp_anonymous_reply_count":0,"_bbp_topic_count_hidden":0,"_bbp_reply_count_hidden":0,"_bbp_forum_subforum_count":0,"footnotes":""},"categories":[1,4],"tags":[],"class_list":["post-2324","post","type-post","status-publish","format-standard","has-post-thumbnail","hentry","category-general","category-portada"],"post_mailing_queue_ids":[],"_links":{"self":[{"href":"https:\/\/agora.xtec.cat\/escolapau\/wp-json\/wp\/v2\/posts\/2324","targetHints":{"allow":["GET"]}}],"collection":[{"href":"https:\/\/agora.xtec.cat\/escolapau\/wp-json\/wp\/v2\/posts"}],"about":[{"href":"https:\/\/agora.xtec.cat\/escolapau\/wp-json\/wp\/v2\/types\/post"}],"author":[{"embeddable":true,"href":"https:\/\/agora.xtec.cat\/escolapau\/wp-json\/wp\/v2\/users\/1"}],"replies":[{"embeddable":true,"href":"https:\/\/agora.xtec.cat\/escolapau\/wp-json\/wp\/v2\/comments?post=2324"}],"version-history":[{"count":1,"href":"https:\/\/agora.xtec.cat\/escolapau\/wp-json\/wp\/v2\/posts\/2324\/revisions"}],"predecessor-version":[{"id":2325,"href":"https:\/\/agora.xtec.cat\/escolapau\/wp-json\/wp\/v2\/posts\/2324\/revisions\/2325"}],"wp:featuredmedia":[{"embeddable":true,"href":"https:\/\/agora.xtec.cat\/escolapau\/wp-json\/wp\/v2\/media\/2265"}],"wp:attachment":[{"href":"https:\/\/agora.xtec.cat\/escolapau\/wp-json\/wp\/v2\/media?parent=2324"}],"wp:term":[{"taxonomy":"category","embeddable":true,"href":"https:\/\/agora.xtec.cat\/escolapau\/wp-json\/wp\/v2\/categories?post=2324"},{"taxonomy":"post_tag","embeddable":true,"href":"https:\/\/agora.xtec.cat\/escolapau\/wp-json\/wp\/v2\/tags?post=2324"}],"curies":[{"name":"wp","href":"https:\/\/api.w.org\/{rel}","templated":true}]}}