{"id":2295,"date":"2022-03-10T14:21:13","date_gmt":"2022-03-10T13:21:13","guid":{"rendered":"https:\/\/agora.xtec.cat\/escolapau\/?p=2295"},"modified":"2022-03-11T21:14:48","modified_gmt":"2022-03-11T20:14:48","slug":"hem-celebrat-la-castanyada-2","status":"publish","type":"post","link":"https:\/\/agora.xtec.cat\/escolapau\/portada\/hem-celebrat-la-castanyada-2\/","title":{"rendered":"HEM CELEBRAT LA CASTANYADA"},"content":{"rendered":"<p>El passat divendres 31 vam celebrar La Castanyada tots plegats. Al mat\u00ed l&#8217;alumnat d&#8217;Infantil i cicle Inicial va\u00a0 elaborar uns panellets bon\u00edssims que feien molt bona pinta! Els alumnes del cicle mitj\u00e0 van posar-se mans a l&#8217;obra fent uns collarets superbonics de castanyes. L&#8217;alumnat del cicle superior va fer un &#8220;Halloween Make-up Workshop&#8221;\u00a0 on vam experimentar com maquillar-nos ferides terror\u00edfiques.<\/p>\n<p>A la tarda vam trobar l&#8217;escola plena de castanyers i castanyeres d&#8217;all\u00f2 m\u00e9s guapos i guapes!! Van interpretar les danses que hav\u00edem preparat amb\u00a0 la Marina i el Vicen\u00e7 i, encara que el vent no ens ho va posar f\u00e0cil, vam fer-ho genial!<\/p>\n<p>Per acomiadar-nos vam menjar les castanyes, que sense l&#8217;ajut de l&#8217;Ivan i el seu company de la brigada no haguessin pogut fer.<\/p>\n<p><a href=\"https:\/\/agora.xtec.cat\/escolapau\/wp-content\/uploads\/usu1926\/2021\/11\/IMG_20211029_104755-scaled.jpg\">Aqu\u00ed us deixem l&#8217;enlla\u00e7 a les imatges d&#8217;aquesta diada de tardor.<\/a><a href=\"https:\/\/drive.google.com\/drive\/folders\/10IbSiWxMJ_dAQ09RGSbnnFn5q1tIezSr?usp=sharing\">https:\/\/drive.google.com\/drive\/folders\/10IbSiWxMJ_dAQ09RGSbnnFn5q1tIezSr?usp=sharing<\/a><a href=\"https:\/\/agora.xtec.cat\/escolapau\/wp-content\/uploads\/usu1926\/2021\/11\/IMG_20211029_104755-scaled.jpg\"><img loading=\"lazy\" decoding=\"async\" class=\"aligncenter size-large wp-image-2128\" src=\"https:\/\/agora.xtec.cat\/escolapau\/wp-content\/uploads\/usu1926\/2021\/11\/IMG_20211029_104755-1024x768.jpg\" alt=\"\" width=\"1024\" height=\"768\" srcset=\"https:\/\/agora.xtec.cat\/escolapau\/wp-content\/uploads\/usu1926\/2021\/11\/IMG_20211029_104755-1024x768.jpg 1024w, https:\/\/agora.xtec.cat\/escolapau\/wp-content\/uploads\/usu1926\/2021\/11\/IMG_20211029_104755-300x225.jpg 300w, https:\/\/agora.xtec.cat\/escolapau\/wp-content\/uploads\/usu1926\/2021\/11\/IMG_20211029_104755-768x576.jpg 768w, https:\/\/agora.xtec.cat\/escolapau\/wp-content\/uploads\/usu1926\/2021\/11\/IMG_20211029_104755-1536x1152.jpg 1536w, https:\/\/agora.xtec.cat\/escolapau\/wp-content\/uploads\/usu1926\/2021\/11\/IMG_20211029_104755-2048x1536.jpg 2048w, https:\/\/agora.xtec.cat\/escolapau\/wp-content\/uploads\/usu1926\/2021\/11\/IMG_20211029_104755-200x150.jpg 200w\" sizes=\"auto, (max-width: 1024px) 100vw, 1024px\" \/><\/a><\/p>\n<p>&nbsp;<\/p>\n<p><a href=\"https:\/\/agora.xtec.cat\/escolapau\/wp-content\/uploads\/usu1926\/2021\/11\/IMG_20211029_120533-1-scaled.jpg\"><img loading=\"lazy\" decoding=\"async\" class=\"aligncenter size-large wp-image-2138\" src=\"https:\/\/agora.xtec.cat\/escolapau\/wp-content\/uploads\/usu1926\/2021\/11\/IMG_20211029_120533-1-768x1024.jpg\" alt=\"\" width=\"768\" height=\"1024\" srcset=\"https:\/\/agora.xtec.cat\/escolapau\/wp-content\/uploads\/usu1926\/2021\/11\/IMG_20211029_120533-1-768x1024.jpg 768w, https:\/\/agora.xtec.cat\/escolapau\/wp-content\/uploads\/usu1926\/2021\/11\/IMG_20211029_120533-1-225x300.jpg 225w, https:\/\/agora.xtec.cat\/escolapau\/wp-content\/uploads\/usu1926\/2021\/11\/IMG_20211029_120533-1-1152x1536.jpg 1152w, https:\/\/agora.xtec.cat\/escolapau\/wp-content\/uploads\/usu1926\/2021\/11\/IMG_20211029_120533-1-1536x2048.jpg 1536w, https:\/\/agora.xtec.cat\/escolapau\/wp-content\/uploads\/usu1926\/2021\/11\/IMG_20211029_120533-1-scaled.jpg 1920w\" sizes=\"auto, (max-width: 768px) 100vw, 768px\" \/><\/a><\/p>\n<p><a href=\"https:\/\/agora.xtec.cat\/escolapau\/wp-content\/uploads\/usu1926\/2021\/11\/IMG_20211029_104558-scaled.jpg\"><img loading=\"lazy\" decoding=\"async\" class=\"aligncenter wp-image-2125\" src=\"https:\/\/agora.xtec.cat\/escolapau\/wp-content\/uploads\/usu1926\/2021\/11\/IMG_20211029_104558-1024x768.jpg\" alt=\"\" width=\"675\" height=\"506\" srcset=\"https:\/\/agora.xtec.cat\/escolapau\/wp-content\/uploads\/usu1926\/2021\/11\/IMG_20211029_104558-1024x768.jpg 1024w, https:\/\/agora.xtec.cat\/escolapau\/wp-content\/uploads\/usu1926\/2021\/11\/IMG_20211029_104558-300x225.jpg 300w, https:\/\/agora.xtec.cat\/escolapau\/wp-content\/uploads\/usu1926\/2021\/11\/IMG_20211029_104558-768x576.jpg 768w, https:\/\/agora.xtec.cat\/escolapau\/wp-content\/uploads\/usu1926\/2021\/11\/IMG_20211029_104558-1536x1152.jpg 1536w, https:\/\/agora.xtec.cat\/escolapau\/wp-content\/uploads\/usu1926\/2021\/11\/IMG_20211029_104558-2048x1536.jpg 2048w, https:\/\/agora.xtec.cat\/escolapau\/wp-content\/uploads\/usu1926\/2021\/11\/IMG_20211029_104558-200x150.jpg 200w\" sizes=\"auto, (max-width: 675px) 100vw, 675px\" \/><\/a><\/p>\n<p>&nbsp;<\/p>\n<p>&nbsp;<\/p>\n<p>&nbsp;<\/p>\n","protected":false},"excerpt":{"rendered":"<p>El passat divendres 31 vam celebrar La Castanyada tots plegats. Al mat\u00ed l&#8217;alumnat d&#8217;Infantil i cicle Inicial va\u00a0 elaborar uns panellets bon\u00edssims que feien molt bona pinta! Els alumnes del cicle mitj\u00e0 van posar-se mans a l&#8217;obra fent uns collarets superbonics de castanyes. L&#8217;alumnat del&hellip;  <a href=\"https:\/\/agora.xtec.cat\/escolapau\/portada\/hem-celebrat-la-castanyada-2\/\" title=\"Read HEM CELEBRAT LA CASTANYADA\">Llegeix m\u00e9s\u00bb<\/a><\/p>\n","protected":false},"author":1,"featured_media":2128,"comment_status":"open","ping_status":"closed","sticky":false,"template":"","format":"standard","meta":{"_bbp_topic_count":0,"_bbp_reply_count":0,"_bbp_total_topic_count":0,"_bbp_total_reply_count":0,"_bbp_voice_count":0,"_bbp_anonymous_reply_count":0,"_bbp_topic_count_hidden":0,"_bbp_reply_count_hidden":0,"_bbp_forum_subforum_count":0,"footnotes":""},"categories":[4],"tags":[],"class_list":["post-2295","post","type-post","status-publish","format-standard","has-post-thumbnail","hentry","category-portada"],"post_mailing_queue_ids":[],"_links":{"self":[{"href":"https:\/\/agora.xtec.cat\/escolapau\/wp-json\/wp\/v2\/posts\/2295","targetHints":{"allow":["GET"]}}],"collection":[{"href":"https:\/\/agora.xtec.cat\/escolapau\/wp-json\/wp\/v2\/posts"}],"about":[{"href":"https:\/\/agora.xtec.cat\/escolapau\/wp-json\/wp\/v2\/types\/post"}],"author":[{"embeddable":true,"href":"https:\/\/agora.xtec.cat\/escolapau\/wp-json\/wp\/v2\/users\/1"}],"replies":[{"embeddable":true,"href":"https:\/\/agora.xtec.cat\/escolapau\/wp-json\/wp\/v2\/comments?post=2295"}],"version-history":[{"count":3,"href":"https:\/\/agora.xtec.cat\/escolapau\/wp-json\/wp\/v2\/posts\/2295\/revisions"}],"predecessor-version":[{"id":2346,"href":"https:\/\/agora.xtec.cat\/escolapau\/wp-json\/wp\/v2\/posts\/2295\/revisions\/2346"}],"wp:featuredmedia":[{"embeddable":true,"href":"https:\/\/agora.xtec.cat\/escolapau\/wp-json\/wp\/v2\/media\/2128"}],"wp:attachment":[{"href":"https:\/\/agora.xtec.cat\/escolapau\/wp-json\/wp\/v2\/media?parent=2295"}],"wp:term":[{"taxonomy":"category","embeddable":true,"href":"https:\/\/agora.xtec.cat\/escolapau\/wp-json\/wp\/v2\/categories?post=2295"},{"taxonomy":"post_tag","embeddable":true,"href":"https:\/\/agora.xtec.cat\/escolapau\/wp-json\/wp\/v2\/tags?post=2295"}],"curies":[{"name":"wp","href":"https:\/\/api.w.org\/{rel}","templated":true}]}}