{"id":2094,"date":"2021-07-06T10:13:31","date_gmt":"2021-07-06T08:13:31","guid":{"rendered":"https:\/\/agora.xtec.cat\/escolapau\/?p=2094"},"modified":"2021-07-06T10:15:43","modified_gmt":"2021-07-06T08:15:43","slug":"el-mestre-joan-es-jubila","status":"publish","type":"post","link":"https:\/\/agora.xtec.cat\/escolapau\/general\/el-mestre-joan-es-jubila\/","title":{"rendered":"El MESTRE JOAN ES JUBILA"},"content":{"rendered":"<p style=\"text-align: left;\">Despr\u00e9s de trenta-vuit anys dedicat a la doc\u00e8ncia; trenta-sis dels quals a l&#8217;escola de Pau; el Mestre i director de l&#8217;escola s&#8217;ha jubilat. Tota la comunitat educativa ha volgut retre-li un merescut homenatge coordinat per l&#8217;AMPA i el claustre actual de l&#8217;escola. El dimecres trenta de junyes va celebrar un emotiu comiat on van participar alumnes, exalumnes, pares, mares, mestres, monitors, representants de l&#8217;Ajuntament i un llarg etc\u00e8tera.<\/p>\n<p>L&#8217;acte va ser molt emotiu i va agafar per sorpresa al Mestre que mai es podria haver imaginat aquest gran homenatge. El mestre, molt emocionat, va acabar l&#8217;acte agraint la col\u00b7laboraci\u00f3 i l&#8217;estima que ha rebut per part de tota la comunitat al llarg d&#8217;aquests anys.<\/p>\n<p>L&#8217;homenatge va tenir una gran repercussi\u00f3 medi\u00e0tica que podeu veure clicant als seg\u00fcents enlla\u00e7os:<\/p>\n<p><a href=\"https:\/\/drive.google.com\/file\/d\/1MwG3mrU_0S_YKf4gN0sGqZyOWg32pznm\/view?usp=sharing\">Carta al mestre &#8211; Revista el Roenc<\/a><\/p>\n<p><a href=\"http:\/\/www.pau.cat\/promocio-variable\/emotiva-festa-sorpresa-de-comiat-al-mestre\/\">Web Ajuntament<\/a><\/p>\n<p><a href=\"https:\/\/www.emporda.info\/educacio\/2021\/07\/03\/joan-clotas-mestre-i-director-54628910.html\">Setmanari Empord\u00e0<\/a><\/p>\n","protected":false},"excerpt":{"rendered":"<p>Despr\u00e9s de trenta-vuit anys dedicat a la doc\u00e8ncia; trenta-sis dels quals a l&#8217;escola de Pau; el Mestre i director de l&#8217;escola s&#8217;ha jubilat. Tota la comunitat educativa ha volgut retre-li un merescut homenatge coordinat per l&#8217;AMPA i el claustre actual de l&#8217;escola. El dimecres trenta&hellip;  <a href=\"https:\/\/agora.xtec.cat\/escolapau\/general\/el-mestre-joan-es-jubila\/\" title=\"Read El MESTRE JOAN ES JUBILA\">Llegeix m\u00e9s\u00bb<\/a><\/p>\n","protected":false},"author":1,"featured_media":2101,"comment_status":"open","ping_status":"closed","sticky":false,"template":"","format":"standard","meta":{"_bbp_topic_count":0,"_bbp_reply_count":0,"_bbp_total_topic_count":0,"_bbp_total_reply_count":0,"_bbp_voice_count":0,"_bbp_anonymous_reply_count":0,"_bbp_topic_count_hidden":0,"_bbp_reply_count_hidden":0,"_bbp_forum_subforum_count":0,"footnotes":""},"categories":[1,4],"tags":[],"class_list":["post-2094","post","type-post","status-publish","format-standard","has-post-thumbnail","hentry","category-general","category-portada"],"post_mailing_queue_ids":[],"_links":{"self":[{"href":"https:\/\/agora.xtec.cat\/escolapau\/wp-json\/wp\/v2\/posts\/2094","targetHints":{"allow":["GET"]}}],"collection":[{"href":"https:\/\/agora.xtec.cat\/escolapau\/wp-json\/wp\/v2\/posts"}],"about":[{"href":"https:\/\/agora.xtec.cat\/escolapau\/wp-json\/wp\/v2\/types\/post"}],"author":[{"embeddable":true,"href":"https:\/\/agora.xtec.cat\/escolapau\/wp-json\/wp\/v2\/users\/1"}],"replies":[{"embeddable":true,"href":"https:\/\/agora.xtec.cat\/escolapau\/wp-json\/wp\/v2\/comments?post=2094"}],"version-history":[{"count":3,"href":"https:\/\/agora.xtec.cat\/escolapau\/wp-json\/wp\/v2\/posts\/2094\/revisions"}],"predecessor-version":[{"id":2103,"href":"https:\/\/agora.xtec.cat\/escolapau\/wp-json\/wp\/v2\/posts\/2094\/revisions\/2103"}],"wp:featuredmedia":[{"embeddable":true,"href":"https:\/\/agora.xtec.cat\/escolapau\/wp-json\/wp\/v2\/media\/2101"}],"wp:attachment":[{"href":"https:\/\/agora.xtec.cat\/escolapau\/wp-json\/wp\/v2\/media?parent=2094"}],"wp:term":[{"taxonomy":"category","embeddable":true,"href":"https:\/\/agora.xtec.cat\/escolapau\/wp-json\/wp\/v2\/categories?post=2094"},{"taxonomy":"post_tag","embeddable":true,"href":"https:\/\/agora.xtec.cat\/escolapau\/wp-json\/wp\/v2\/tags?post=2094"}],"curies":[{"name":"wp","href":"https:\/\/api.w.org\/{rel}","templated":true}]}}