{"id":1902,"date":"2021-03-26T11:12:52","date_gmt":"2021-03-26T10:12:52","guid":{"rendered":"https:\/\/agora.xtec.cat\/escolapau\/?p=1902"},"modified":"2021-03-26T11:12:52","modified_gmt":"2021-03-26T10:12:52","slug":"alma-al-campionat-nacional-de-gimnastica-ritmica","status":"publish","type":"post","link":"https:\/\/agora.xtec.cat\/escolapau\/general\/alma-al-campionat-nacional-de-gimnastica-ritmica\/","title":{"rendered":"Alma al Campionat Nacional de Gimn\u00e0stica R\u00edtmica"},"content":{"rendered":"<p>La nostra alumna <span class=\"hiddenGrammarError\">Alma<\/span>\u00a0<span class=\"hiddenSpellError\">Pav\u00f3n<\/span> del Cicle Mitj\u00e0\u00a0 ha participat en el CAMPIONAT NACIONAL de GIMN\u00c0STICA R\u00cdTMICA conjuntament amb les seves companyes d&#8217;equip.<br \/>\n<span class=\"hiddenGrammarError\">Alma<\/span> va viatjar a Val\u00e8ncia, li va encantar l&#8217;experi\u00e8ncia, destaca que ho va passar genial i a m\u00e9s, a m\u00e9s van sopar pizza\ud83d\ude0b a l&#8217;habitaci\u00f3 de l&#8217;hotel!!<\/p>\n<p><span class=\"hiddenGrammarError\">Felicitats campiona<\/span>!!! No cada dia es participa en un campionat nacional.<\/p>\n<p><a href=\"https:\/\/agora.xtec.cat\/escolapau\/wp-content\/uploads\/usu1926\/2021\/03\/WhatsApp-Image-2021-03-23-at-10.10.51.jpeg\"><img loading=\"lazy\" decoding=\"async\" class=\"aligncenter  wp-image-1903\" src=\"https:\/\/agora.xtec.cat\/escolapau\/wp-content\/uploads\/usu1926\/2021\/03\/WhatsApp-Image-2021-03-23-at-10.10.51-300x227.jpeg\" alt=\"\" width=\"413\" height=\"312\" srcset=\"https:\/\/agora.xtec.cat\/escolapau\/wp-content\/uploads\/usu1926\/2021\/03\/WhatsApp-Image-2021-03-23-at-10.10.51-300x227.jpeg 300w, https:\/\/agora.xtec.cat\/escolapau\/wp-content\/uploads\/usu1926\/2021\/03\/WhatsApp-Image-2021-03-23-at-10.10.51-768x582.jpeg 768w, https:\/\/agora.xtec.cat\/escolapau\/wp-content\/uploads\/usu1926\/2021\/03\/WhatsApp-Image-2021-03-23-at-10.10.51-1024x776.jpeg 1024w, https:\/\/agora.xtec.cat\/escolapau\/wp-content\/uploads\/usu1926\/2021\/03\/WhatsApp-Image-2021-03-23-at-10.10.51-200x150.jpeg 200w, https:\/\/agora.xtec.cat\/escolapau\/wp-content\/uploads\/usu1926\/2021\/03\/WhatsApp-Image-2021-03-23-at-10.10.51.jpeg 1208w\" sizes=\"auto, (max-width: 413px) 100vw, 413px\" \/><\/a><\/p>\n","protected":false},"excerpt":{"rendered":"<p>La nostra alumna Alma\u00a0Pav\u00f3n del Cicle Mitj\u00e0\u00a0 ha participat en el CAMPIONAT NACIONAL de GIMN\u00c0STICA R\u00cdTMICA conjuntament amb les seves companyes d&#8217;equip.<br \/>\nAlma va viatjar a Val\u00e8ncia, li va encantar l&#8217;experi\u00e8ncia, destaca que ho va passar genial i a m\u00e9s, a m\u00e9s van sopar pizza\ud83d\ude0b a&hellip;  <a href=\"https:\/\/agora.xtec.cat\/escolapau\/general\/alma-al-campionat-nacional-de-gimnastica-ritmica\/\" title=\"Read Alma al Campionat Nacional de Gimn\u00e0stica R\u00edtmica\">Llegeix m\u00e9s\u00bb<\/a><\/p>\n","protected":false},"author":1,"featured_media":0,"comment_status":"open","ping_status":"closed","sticky":false,"template":"","format":"standard","meta":{"_bbp_topic_count":0,"_bbp_reply_count":0,"_bbp_total_topic_count":0,"_bbp_total_reply_count":0,"_bbp_voice_count":0,"_bbp_anonymous_reply_count":0,"_bbp_topic_count_hidden":0,"_bbp_reply_count_hidden":0,"_bbp_forum_subforum_count":0,"footnotes":""},"categories":[1,4],"tags":[],"class_list":["post-1902","post","type-post","status-publish","format-standard","hentry","category-general","category-portada"],"post_mailing_queue_ids":[],"_links":{"self":[{"href":"https:\/\/agora.xtec.cat\/escolapau\/wp-json\/wp\/v2\/posts\/1902","targetHints":{"allow":["GET"]}}],"collection":[{"href":"https:\/\/agora.xtec.cat\/escolapau\/wp-json\/wp\/v2\/posts"}],"about":[{"href":"https:\/\/agora.xtec.cat\/escolapau\/wp-json\/wp\/v2\/types\/post"}],"author":[{"embeddable":true,"href":"https:\/\/agora.xtec.cat\/escolapau\/wp-json\/wp\/v2\/users\/1"}],"replies":[{"embeddable":true,"href":"https:\/\/agora.xtec.cat\/escolapau\/wp-json\/wp\/v2\/comments?post=1902"}],"version-history":[{"count":3,"href":"https:\/\/agora.xtec.cat\/escolapau\/wp-json\/wp\/v2\/posts\/1902\/revisions"}],"predecessor-version":[{"id":1907,"href":"https:\/\/agora.xtec.cat\/escolapau\/wp-json\/wp\/v2\/posts\/1902\/revisions\/1907"}],"wp:attachment":[{"href":"https:\/\/agora.xtec.cat\/escolapau\/wp-json\/wp\/v2\/media?parent=1902"}],"wp:term":[{"taxonomy":"category","embeddable":true,"href":"https:\/\/agora.xtec.cat\/escolapau\/wp-json\/wp\/v2\/categories?post=1902"},{"taxonomy":"post_tag","embeddable":true,"href":"https:\/\/agora.xtec.cat\/escolapau\/wp-json\/wp\/v2\/tags?post=1902"}],"curies":[{"name":"wp","href":"https:\/\/api.w.org\/{rel}","templated":true}]}}