{"id":1826,"date":"2021-03-08T18:39:41","date_gmt":"2021-03-08T17:39:41","guid":{"rendered":"https:\/\/agora.xtec.cat\/escolapau\/?p=1826"},"modified":"2021-04-22T21:56:24","modified_gmt":"2021-04-22T19:56:24","slug":"8-de-marc-dia-internacional-de-les-dones","status":"publish","type":"post","link":"https:\/\/agora.xtec.cat\/escolapau\/general\/primaria\/ci\/8-de-marc-dia-internacional-de-les-dones\/","title":{"rendered":"8 de mar\u00e7- Dia Internacional de les dones"},"content":{"rendered":"<h3>Avui \u00e9s 8 de mar\u00e7, el<a href=\"https:\/\/agora.xtec.cat\/escolapau\/wp-content\/uploads\/usu1926\/2021\/03\/8-DE-MARC\u0327.png\"><img loading=\"lazy\" decoding=\"async\" class=\"wp-image-1828 alignleft\" src=\"https:\/\/agora.xtec.cat\/escolapau\/wp-content\/uploads\/usu1926\/2021\/03\/8-DE-MARC\u0327.png\" alt=\"\" width=\"268\" height=\"437\" srcset=\"https:\/\/agora.xtec.cat\/escolapau\/wp-content\/uploads\/usu1926\/2021\/03\/8-DE-MARC\u0327.png 600w, https:\/\/agora.xtec.cat\/escolapau\/wp-content\/uploads\/usu1926\/2021\/03\/8-DE-MARC\u0327-184x300.png 184w\" sizes=\"auto, (max-width: 268px) 100vw, 268px\" \/><\/a> Dia Internacional de les Dones!<\/h3>\n<p>Com que estem conven\u00e7udes que tot i fent passos petits, avan\u00e7arem en gran,\u00a0 hem volgut treballar a l&#8217;aula la conscienciaci\u00f3 dels estereotips sobre les dones que encara s\u00f3n ben arrelats a la nostra societat.<\/p>\n<p>Amb aquesta intenci\u00f3, aquest mat\u00ed, els nens i nenes han fet la cerca a internet de dones que han estat importants per la seva tasca professional i\/o social. Despr\u00e9s han realizat un cartell biogr\u00e0fic sobre les dones que han escollit.<\/p>\n<p>Les dones representades en els cartells realitzats han estat:<\/p>\n<p><strong>Hedy Lamarr<\/strong> &#8211; Actriu estatunidenca , productora i inventora de l&#8217;espectre eixamplat per salt de freq\u00fc\u00e8ncia que s&#8217;utilitza en els GPS, al Bluetooth i en les connexions de wifi.<\/p>\n<p><strong>Wangari Maathai<\/strong>&#8211; Pol\u00edtica i ecologista keniana. Va ser la primera dona africana a rebre el Premi Nobel de la pau el 2004 per la\u00a0 seva contribuci\u00f3 al desenvolupament sostenible, la democr\u00e0cia i la pau.<\/p>\n<p><strong>Frida Kalho &#8211;<\/strong> Pintora mexicana. La seva pintura va desenvolupar-se a partir de la influ\u00e8ncia de diferents estils com el\u00a0realisme, el\u00a0surrealisme\u00a0i el\u00a0simbolisme.<\/p>\n<p><strong>Amelia Earhart<\/strong>&#8211; aviadora estatunidenca, es va fer famosa quan el 17 i 18 de juny del 1928 es va convertir en la primera dona realitzar la travessia l&#8217;Atl\u00e0ntic pilotant un avi\u00f3 en solitari.<\/p>\n<p><strong>Anousheh Ansari<\/strong>&#8211; Enginyera i astronauta iraniana i estatunidenca. Primera dona en volar a l&#8217;Estaci\u00f3 Espacial Internacional. En l&#8217;actualitat t\u00e9 54 anys.<\/p>\n<pre id=\"tw-target-text\" class=\"tw-data-text tw-text-large XcVN5d tw-ta\" data-placeholder=\"Traducci\u00f3n\"><\/pre>\n<h4 style=\"text-align: center\">Aquest n&#8217;ha estat el resultat i n&#8217;estem molt satisfetes i satisfets<a href=\"https:\/\/agora.xtec.cat\/escolapau\/wp-content\/uploads\/usu1926\/2021\/03\/IMG_0508.jpg\"><img loading=\"lazy\" decoding=\"async\" class=\"alignnone size-large wp-image-1830\" src=\"https:\/\/agora.xtec.cat\/escolapau\/wp-content\/uploads\/usu1926\/2021\/03\/IMG_0508.jpg\" alt=\"\" width=\"800\" height=\"600\" srcset=\"https:\/\/agora.xtec.cat\/escolapau\/wp-content\/uploads\/usu1926\/2021\/03\/IMG_0508.jpg 800w, https:\/\/agora.xtec.cat\/escolapau\/wp-content\/uploads\/usu1926\/2021\/03\/IMG_0508-300x225.jpg 300w, https:\/\/agora.xtec.cat\/escolapau\/wp-content\/uploads\/usu1926\/2021\/03\/IMG_0508-768x576.jpg 768w, https:\/\/agora.xtec.cat\/escolapau\/wp-content\/uploads\/usu1926\/2021\/03\/IMG_0508-200x150.jpg 200w\" sizes=\"auto, (max-width: 800px) 100vw, 800px\" \/><\/a><\/h4>\n<p><a href=\"https:\/\/agora.xtec.cat\/escolapau\/wp-content\/uploads\/usu1926\/2021\/03\/IMG_0500.jpg\"><img loading=\"lazy\" decoding=\"async\" class=\"alignnone size-full wp-image-1829\" src=\"https:\/\/agora.xtec.cat\/escolapau\/wp-content\/uploads\/usu1926\/2021\/03\/IMG_0500.jpg\" alt=\"\" width=\"800\" height=\"600\" srcset=\"https:\/\/agora.xtec.cat\/escolapau\/wp-content\/uploads\/usu1926\/2021\/03\/IMG_0500.jpg 800w, https:\/\/agora.xtec.cat\/escolapau\/wp-content\/uploads\/usu1926\/2021\/03\/IMG_0500-300x225.jpg 300w, https:\/\/agora.xtec.cat\/escolapau\/wp-content\/uploads\/usu1926\/2021\/03\/IMG_0500-768x576.jpg 768w, https:\/\/agora.xtec.cat\/escolapau\/wp-content\/uploads\/usu1926\/2021\/03\/IMG_0500-200x150.jpg 200w\" sizes=\"auto, (max-width: 800px) 100vw, 800px\" \/><\/a><\/p>\n","protected":false},"excerpt":{"rendered":"<p>Avui \u00e9s 8 de mar\u00e7, el<a href=\"https:\/\/agora.xtec.cat\/escolapau\/wp-content\/uploads\/usu1926\/2021\/03\/8-DE-MARC\u0327.png\"><\/a> Dia Internacional de les Dones!<br \/>\nCom que estem conven\u00e7udes que tot i fent passos petits, avan\u00e7arem en gran,\u00a0 hem volgut treballar a l&#8217;aula la conscienciaci\u00f3 dels estereotips sobre les dones que encara s\u00f3n ben arrelats a la nostra societat.<br \/>\nAmb&hellip;  <a href=\"https:\/\/agora.xtec.cat\/escolapau\/general\/primaria\/ci\/8-de-marc-dia-internacional-de-les-dones\/\" title=\"Read 8 de mar\u00e7- Dia Internacional de les dones\">Llegeix m\u00e9s\u00bb<\/a><\/p>\n","protected":false},"author":17,"featured_media":1829,"comment_status":"open","ping_status":"closed","sticky":false,"template":"","format":"standard","meta":{"_bbp_topic_count":0,"_bbp_reply_count":0,"_bbp_total_topic_count":0,"_bbp_total_reply_count":0,"_bbp_voice_count":0,"_bbp_anonymous_reply_count":0,"_bbp_topic_count_hidden":0,"_bbp_reply_count_hidden":0,"_bbp_forum_subforum_count":0,"footnotes":""},"categories":[13],"tags":[],"class_list":["post-1826","post","type-post","status-publish","format-standard","has-post-thumbnail","hentry","category-ci"],"post_mailing_queue_ids":[],"_links":{"self":[{"href":"https:\/\/agora.xtec.cat\/escolapau\/wp-json\/wp\/v2\/posts\/1826","targetHints":{"allow":["GET"]}}],"collection":[{"href":"https:\/\/agora.xtec.cat\/escolapau\/wp-json\/wp\/v2\/posts"}],"about":[{"href":"https:\/\/agora.xtec.cat\/escolapau\/wp-json\/wp\/v2\/types\/post"}],"author":[{"embeddable":true,"href":"https:\/\/agora.xtec.cat\/escolapau\/wp-json\/wp\/v2\/users\/17"}],"replies":[{"embeddable":true,"href":"https:\/\/agora.xtec.cat\/escolapau\/wp-json\/wp\/v2\/comments?post=1826"}],"version-history":[{"count":2,"href":"https:\/\/agora.xtec.cat\/escolapau\/wp-json\/wp\/v2\/posts\/1826\/revisions"}],"predecessor-version":[{"id":1832,"href":"https:\/\/agora.xtec.cat\/escolapau\/wp-json\/wp\/v2\/posts\/1826\/revisions\/1832"}],"wp:featuredmedia":[{"embeddable":true,"href":"https:\/\/agora.xtec.cat\/escolapau\/wp-json\/wp\/v2\/media\/1829"}],"wp:attachment":[{"href":"https:\/\/agora.xtec.cat\/escolapau\/wp-json\/wp\/v2\/media?parent=1826"}],"wp:term":[{"taxonomy":"category","embeddable":true,"href":"https:\/\/agora.xtec.cat\/escolapau\/wp-json\/wp\/v2\/categories?post=1826"},{"taxonomy":"post_tag","embeddable":true,"href":"https:\/\/agora.xtec.cat\/escolapau\/wp-json\/wp\/v2\/tags?post=1826"}],"curies":[{"name":"wp","href":"https:\/\/api.w.org\/{rel}","templated":true}]}}