{"id":1467,"date":"2020-10-25T10:41:07","date_gmt":"2020-10-25T09:41:07","guid":{"rendered":"https:\/\/agora.xtec.cat\/escolapau\/?p=1467"},"modified":"2020-10-29T22:19:48","modified_gmt":"2020-10-29T21:19:48","slug":"viatgem-per-europa-i-africa-en-autobus","status":"publish","type":"post","link":"https:\/\/agora.xtec.cat\/escolapau\/general\/viatgem-per-europa-i-africa-en-autobus\/","title":{"rendered":"Viatgem per Europa i \u00c0frica en autob\u00fas."},"content":{"rendered":"<p>&nbsp;<\/p>\n<p>Hola Fam\u00edles!!!<\/p>\n<p>Aquesta setmana els nens i nenes de l&#8217;escola, des del cicle d&#8217;ed. Infantil fins a cicle superior, ens hem endinsat en un viatge molt especial de 20000 km per Europa i per l\u2019\u00c0frica en autob\u00fas. Hem fet un tastet de com va ser la vida de 14 amics i amigues dins un autob\u00fas equipat amb llits i una petita cuina.Per descobrir aquesta aventura ens hem centrat en diferents cultures africanes, les seves maneres de viure, els menjars i la seva m\u00fasica. Un recorregut on hem vist la collita artesanal de les olives al Marroc, les haimes on encara viuen alguns n\u00f2mades del desert al S\u00e0hara Occidental, els paisatges \u00e0rids i la preparaci\u00f3 del t\u00e9 de Maurit\u00e0nia, les escoles del Senegal\/Gambia i els arbres baobab gegants de Guinea Bissau.<\/p>\n<p><a href=\"https:\/\/agora.xtec.cat\/escolapau\/wp-content\/uploads\/usu1926\/2020\/10\/compressed_81638714520201021_094615.jpg\"><img loading=\"lazy\" decoding=\"async\" class=\"alignnone size-large wp-image-1469\" src=\"https:\/\/agora.xtec.cat\/escolapau\/wp-content\/uploads\/usu1926\/2020\/10\/compressed_81638714520201021_094615-1024x768.jpg\" alt=\"\" width=\"1024\" height=\"768\" srcset=\"https:\/\/agora.xtec.cat\/escolapau\/wp-content\/uploads\/usu1926\/2020\/10\/compressed_81638714520201021_094615-1024x768.jpg 1024w, https:\/\/agora.xtec.cat\/escolapau\/wp-content\/uploads\/usu1926\/2020\/10\/compressed_81638714520201021_094615-300x225.jpg 300w, https:\/\/agora.xtec.cat\/escolapau\/wp-content\/uploads\/usu1926\/2020\/10\/compressed_81638714520201021_094615-768x576.jpg 768w, https:\/\/agora.xtec.cat\/escolapau\/wp-content\/uploads\/usu1926\/2020\/10\/compressed_81638714520201021_094615-200x150.jpg 200w, https:\/\/agora.xtec.cat\/escolapau\/wp-content\/uploads\/usu1926\/2020\/10\/compressed_81638714520201021_094615.jpg 1238w\" sizes=\"auto, (max-width: 1024px) 100vw, 1024px\" \/><\/a> <a href=\"https:\/\/agora.xtec.cat\/escolapau\/wp-content\/uploads\/usu1926\/2020\/10\/compressed_145738863420201021_095103.jpg\"><img loading=\"lazy\" decoding=\"async\" class=\"alignnone size-large wp-image-1470\" src=\"https:\/\/agora.xtec.cat\/escolapau\/wp-content\/uploads\/usu1926\/2020\/10\/compressed_145738863420201021_095103-1024x768.jpg\" alt=\"\" width=\"1024\" height=\"768\" srcset=\"https:\/\/agora.xtec.cat\/escolapau\/wp-content\/uploads\/usu1926\/2020\/10\/compressed_145738863420201021_095103-1024x768.jpg 1024w, https:\/\/agora.xtec.cat\/escolapau\/wp-content\/uploads\/usu1926\/2020\/10\/compressed_145738863420201021_095103-300x225.jpg 300w, https:\/\/agora.xtec.cat\/escolapau\/wp-content\/uploads\/usu1926\/2020\/10\/compressed_145738863420201021_095103-768x576.jpg 768w, https:\/\/agora.xtec.cat\/escolapau\/wp-content\/uploads\/usu1926\/2020\/10\/compressed_145738863420201021_095103-200x150.jpg 200w, https:\/\/agora.xtec.cat\/escolapau\/wp-content\/uploads\/usu1926\/2020\/10\/compressed_145738863420201021_095103.jpg 1238w\" sizes=\"auto, (max-width: 1024px) 100vw, 1024px\" \/><\/a> <a href=\"https:\/\/agora.xtec.cat\/escolapau\/wp-content\/uploads\/usu1926\/2020\/10\/compressed_145173549620201021_095510.jpg\"><img loading=\"lazy\" decoding=\"async\" class=\"alignnone size-large wp-image-1471\" src=\"https:\/\/agora.xtec.cat\/escolapau\/wp-content\/uploads\/usu1926\/2020\/10\/compressed_145173549620201021_095510-1024x768.jpg\" alt=\"\" width=\"1024\" height=\"768\" srcset=\"https:\/\/agora.xtec.cat\/escolapau\/wp-content\/uploads\/usu1926\/2020\/10\/compressed_145173549620201021_095510-1024x768.jpg 1024w, https:\/\/agora.xtec.cat\/escolapau\/wp-content\/uploads\/usu1926\/2020\/10\/compressed_145173549620201021_095510-300x225.jpg 300w, https:\/\/agora.xtec.cat\/escolapau\/wp-content\/uploads\/usu1926\/2020\/10\/compressed_145173549620201021_095510-768x576.jpg 768w, https:\/\/agora.xtec.cat\/escolapau\/wp-content\/uploads\/usu1926\/2020\/10\/compressed_145173549620201021_095510-200x150.jpg 200w, https:\/\/agora.xtec.cat\/escolapau\/wp-content\/uploads\/usu1926\/2020\/10\/compressed_145173549620201021_095510.jpg 1238w\" sizes=\"auto, (max-width: 1024px) 100vw, 1024px\" \/><\/a> <a href=\"https:\/\/agora.xtec.cat\/escolapau\/wp-content\/uploads\/usu1926\/2020\/10\/compressed_79267244220201021_095731.jpg\"><img loading=\"lazy\" decoding=\"async\" class=\"alignnone size-large wp-image-1472\" src=\"https:\/\/agora.xtec.cat\/escolapau\/wp-content\/uploads\/usu1926\/2020\/10\/compressed_79267244220201021_095731-768x1024.jpg\" alt=\"\" width=\"768\" height=\"1024\" srcset=\"https:\/\/agora.xtec.cat\/escolapau\/wp-content\/uploads\/usu1926\/2020\/10\/compressed_79267244220201021_095731-768x1024.jpg 768w, https:\/\/agora.xtec.cat\/escolapau\/wp-content\/uploads\/usu1926\/2020\/10\/compressed_79267244220201021_095731-225x300.jpg 225w, https:\/\/agora.xtec.cat\/escolapau\/wp-content\/uploads\/usu1926\/2020\/10\/compressed_79267244220201021_095731.jpg 928w\" sizes=\"auto, (max-width: 768px) 100vw, 768px\" \/><\/a><\/p>\n<p>&nbsp;<\/p>\n<p>&nbsp;<\/p>\n","protected":false},"excerpt":{"rendered":"<p>&nbsp;<br \/>\nHola Fam\u00edles!!!<br \/>\nAquesta setmana els nens i nenes de l&#8217;escola, des del cicle d&#8217;ed. Infantil fins a cicle superior, ens hem endinsat en un viatge molt especial de 20000 km per Europa i per l\u2019\u00c0frica en autob\u00fas. Hem fet un tastet de com va ser la&hellip;  <a href=\"https:\/\/agora.xtec.cat\/escolapau\/general\/viatgem-per-europa-i-africa-en-autobus\/\" title=\"Read Viatgem per Europa i \u00c0frica en autob\u00fas.\">Llegeix m\u00e9s\u00bb<\/a><\/p>\n","protected":false},"author":11,"featured_media":0,"comment_status":"open","ping_status":"closed","sticky":false,"template":"","format":"standard","meta":{"_bbp_topic_count":0,"_bbp_reply_count":0,"_bbp_total_topic_count":0,"_bbp_total_reply_count":0,"_bbp_voice_count":0,"_bbp_anonymous_reply_count":0,"_bbp_topic_count_hidden":0,"_bbp_reply_count_hidden":0,"_bbp_forum_subforum_count":0,"footnotes":""},"categories":[13,15,14,1,2,4,5],"tags":[],"class_list":["post-1467","post","type-post","status-publish","format-standard","hentry","category-ci","category-cm","category-cs","category-general","category-infantil","category-portada","category-primaria"],"post_mailing_queue_ids":[],"_links":{"self":[{"href":"https:\/\/agora.xtec.cat\/escolapau\/wp-json\/wp\/v2\/posts\/1467","targetHints":{"allow":["GET"]}}],"collection":[{"href":"https:\/\/agora.xtec.cat\/escolapau\/wp-json\/wp\/v2\/posts"}],"about":[{"href":"https:\/\/agora.xtec.cat\/escolapau\/wp-json\/wp\/v2\/types\/post"}],"author":[{"embeddable":true,"href":"https:\/\/agora.xtec.cat\/escolapau\/wp-json\/wp\/v2\/users\/11"}],"replies":[{"embeddable":true,"href":"https:\/\/agora.xtec.cat\/escolapau\/wp-json\/wp\/v2\/comments?post=1467"}],"version-history":[{"count":3,"href":"https:\/\/agora.xtec.cat\/escolapau\/wp-json\/wp\/v2\/posts\/1467\/revisions"}],"predecessor-version":[{"id":1476,"href":"https:\/\/agora.xtec.cat\/escolapau\/wp-json\/wp\/v2\/posts\/1467\/revisions\/1476"}],"wp:attachment":[{"href":"https:\/\/agora.xtec.cat\/escolapau\/wp-json\/wp\/v2\/media?parent=1467"}],"wp:term":[{"taxonomy":"category","embeddable":true,"href":"https:\/\/agora.xtec.cat\/escolapau\/wp-json\/wp\/v2\/categories?post=1467"},{"taxonomy":"post_tag","embeddable":true,"href":"https:\/\/agora.xtec.cat\/escolapau\/wp-json\/wp\/v2\/tags?post=1467"}],"curies":[{"name":"wp","href":"https:\/\/api.w.org\/{rel}","templated":true}]}}