{"id":1304,"date":"2020-03-26T16:33:05","date_gmt":"2020-03-26T15:33:05","guid":{"rendered":"https:\/\/agora.xtec.cat\/escolapau\/?p=1304"},"modified":"2020-03-26T16:33:05","modified_gmt":"2020-03-26T15:33:05","slug":"extraescolar-ioga","status":"publish","type":"post","link":"https:\/\/agora.xtec.cat\/escolapau\/portada\/extraescolar-ioga\/","title":{"rendered":"Extraescolar &#8220;Ioga&#8221;"},"content":{"rendered":"<p>Avui us presentem l&#8217;extraescolar de Ioga, que va adre\u00e7ada a nens i nenes d&#8217;entre 6 i 12 anys.<\/p>\n<p>Aquesta activitat introdueix, de manera pr\u00e0ctica i l\u00fadica, les bases de la filosofia del Ioga adaptant-se a aquesta etapa de maduraci\u00f3 infantil.<\/p>\n<p>A trav\u00e9s de la seva pr\u00e0ctica, nens i nenes desenvolupen destreses com l&#8217;equilibri, la concentraci\u00f3, l&#8217;elasticitat i la for\u00e7a.<\/p>\n<p>El Ioga promociona una actitud de descoberta d&#8217;un mateix amb exercicis d\u2019auto observaci\u00f3 com la gesti\u00f3 de les emocions, de l&#8217;energia, de la for\u00e7a, dels sentiments&#8230; a l&#8217;hora que millora la relaci\u00f3 amb el grup a trav\u00e9s del joc.<\/p>\n\n","protected":false},"excerpt":{"rendered":"<p>Avui us presentem l&#8217;extraescolar de Ioga, que va adre\u00e7ada a nens i nenes d&#8217;entre 6 i 12 anys.<br \/>\nAquesta activitat introdueix, de manera pr\u00e0ctica i l\u00fadica, les bases de la filosofia del Ioga adaptant-se a aquesta etapa de maduraci\u00f3 infantil.<br \/>\nA trav\u00e9s de la seva pr\u00e0ctica, nens&hellip;  <a href=\"https:\/\/agora.xtec.cat\/escolapau\/portada\/extraescolar-ioga\/\" title=\"Read Extraescolar &#8220;Ioga&#8221;\">Llegeix m\u00e9s\u00bb<\/a><\/p>\n","protected":false},"author":12,"featured_media":0,"comment_status":"open","ping_status":"closed","sticky":false,"template":"","format":"standard","meta":{"_bbp_topic_count":0,"_bbp_reply_count":0,"_bbp_total_topic_count":0,"_bbp_total_reply_count":0,"_bbp_voice_count":0,"_bbp_anonymous_reply_count":0,"_bbp_topic_count_hidden":0,"_bbp_reply_count_hidden":0,"_bbp_forum_subforum_count":0,"footnotes":""},"categories":[7,4],"tags":[],"class_list":["post-1304","post","type-post","status-publish","format-standard","hentry","category-afa","category-portada"],"post_mailing_queue_ids":[],"_links":{"self":[{"href":"https:\/\/agora.xtec.cat\/escolapau\/wp-json\/wp\/v2\/posts\/1304","targetHints":{"allow":["GET"]}}],"collection":[{"href":"https:\/\/agora.xtec.cat\/escolapau\/wp-json\/wp\/v2\/posts"}],"about":[{"href":"https:\/\/agora.xtec.cat\/escolapau\/wp-json\/wp\/v2\/types\/post"}],"author":[{"embeddable":true,"href":"https:\/\/agora.xtec.cat\/escolapau\/wp-json\/wp\/v2\/users\/12"}],"replies":[{"embeddable":true,"href":"https:\/\/agora.xtec.cat\/escolapau\/wp-json\/wp\/v2\/comments?post=1304"}],"version-history":[{"count":2,"href":"https:\/\/agora.xtec.cat\/escolapau\/wp-json\/wp\/v2\/posts\/1304\/revisions"}],"predecessor-version":[{"id":1307,"href":"https:\/\/agora.xtec.cat\/escolapau\/wp-json\/wp\/v2\/posts\/1304\/revisions\/1307"}],"wp:attachment":[{"href":"https:\/\/agora.xtec.cat\/escolapau\/wp-json\/wp\/v2\/media?parent=1304"}],"wp:term":[{"taxonomy":"category","embeddable":true,"href":"https:\/\/agora.xtec.cat\/escolapau\/wp-json\/wp\/v2\/categories?post=1304"},{"taxonomy":"post_tag","embeddable":true,"href":"https:\/\/agora.xtec.cat\/escolapau\/wp-json\/wp\/v2\/tags?post=1304"}],"curies":[{"name":"wp","href":"https:\/\/api.w.org\/{rel}","templated":true}]}}