{"id":1211,"date":"2020-02-19T15:48:36","date_gmt":"2020-02-19T14:48:36","guid":{"rendered":"https:\/\/agora.xtec.cat\/escolapau\/?p=1211"},"modified":"2020-02-21T16:40:48","modified_gmt":"2020-02-21T15:40:48","slug":"xocolatada-solidaria","status":"publish","type":"post","link":"https:\/\/agora.xtec.cat\/escolapau\/portada\/xocolatada-solidaria\/","title":{"rendered":"Xocolatada solid\u00e0ria"},"content":{"rendered":"<p>Hola fam\u00edlies!<\/p>\n<p>Aquest passat <strong>dissabte 15 de febrer<\/strong>, des de l\u2019AMPA i en col\u00b7laboraci\u00f3 amb l\u2019Ajuntament de Pau, v\u00e0rem celebrar una <strong>xocolatada solid\u00e0ria<\/strong> \u00a0amb una finalitat molt interessant.<\/p>\n<p>La xocolatada va ser en solidaritat amb l\u2019Hospital Sant Joan de D\u00e9u per recaptar fons destinats a la investigaci\u00f3 del c\u00e0ncer infantil, coincidint amb e<strong>l Dia Mundial Contra el C\u00e0ncer Infantil.<\/strong><\/p>\n<p>Va ser una jornada molt xula on ens v\u00e0rem posar les botes amb una bona xocolata calenta amb melindros! La mainada va gaudir molt\u00edssim amb el berenar i amb l\u2019animaci\u00f3 infantil\u00a0 mega divertida d\u2019en Jordi Patxecu!<\/p>\n<p>Tots i totes ens ho vam passar d\u2019all\u00f2 mes b\u00e9 i a sobre v\u00e0rem poder col\u00b7laborar amb la tan necess\u00e0ria investigaci\u00f3 d\u2019aquesta malaltia que, per desgr\u00e0cia, afecta a tants nens i nenes del nostre pa\u00eds.<\/p>\n<p>Estem molt contents i contentes amb el resultat, ja que tothom es va bolcar amb la causa i vam aconseguir recaptar <strong>240 euros!<\/strong><\/p>\n<p>Us animem a participar en les properes activitats de l\u2019AMPA de la nostra petita escola i continuar aconseguint reptes com una gran fam\u00edlia!!<\/p>\n<p>Moltes gr\u00e0cies!!!<\/p>\n\n","protected":false},"excerpt":{"rendered":"<p>Hola fam\u00edlies!<br \/>\nAquest passat dissabte 15 de febrer, des de l\u2019AMPA i en col\u00b7laboraci\u00f3 amb l\u2019Ajuntament de Pau, v\u00e0rem celebrar una xocolatada solid\u00e0ria \u00a0amb una finalitat molt interessant.<br \/>\nLa xocolatada va ser en solidaritat amb l\u2019Hospital Sant Joan de D\u00e9u per recaptar fons destinats a la investigaci\u00f3&hellip;  <a href=\"https:\/\/agora.xtec.cat\/escolapau\/portada\/xocolatada-solidaria\/\" title=\"Read Xocolatada solid\u00e0ria\">Llegeix m\u00e9s\u00bb<\/a><\/p>\n","protected":false},"author":12,"featured_media":0,"comment_status":"open","ping_status":"closed","sticky":false,"template":"","format":"standard","meta":{"_bbp_topic_count":0,"_bbp_reply_count":0,"_bbp_total_topic_count":0,"_bbp_total_reply_count":0,"_bbp_voice_count":0,"_bbp_anonymous_reply_count":0,"_bbp_topic_count_hidden":0,"_bbp_reply_count_hidden":0,"_bbp_forum_subforum_count":0,"footnotes":""},"categories":[7,4],"tags":[76],"class_list":["post-1211","post","type-post","status-publish","format-standard","hentry","category-afa","category-portada","tag-ampa-solidaria"],"post_mailing_queue_ids":[],"_links":{"self":[{"href":"https:\/\/agora.xtec.cat\/escolapau\/wp-json\/wp\/v2\/posts\/1211","targetHints":{"allow":["GET"]}}],"collection":[{"href":"https:\/\/agora.xtec.cat\/escolapau\/wp-json\/wp\/v2\/posts"}],"about":[{"href":"https:\/\/agora.xtec.cat\/escolapau\/wp-json\/wp\/v2\/types\/post"}],"author":[{"embeddable":true,"href":"https:\/\/agora.xtec.cat\/escolapau\/wp-json\/wp\/v2\/users\/12"}],"replies":[{"embeddable":true,"href":"https:\/\/agora.xtec.cat\/escolapau\/wp-json\/wp\/v2\/comments?post=1211"}],"version-history":[{"count":4,"href":"https:\/\/agora.xtec.cat\/escolapau\/wp-json\/wp\/v2\/posts\/1211\/revisions"}],"predecessor-version":[{"id":1217,"href":"https:\/\/agora.xtec.cat\/escolapau\/wp-json\/wp\/v2\/posts\/1211\/revisions\/1217"}],"wp:attachment":[{"href":"https:\/\/agora.xtec.cat\/escolapau\/wp-json\/wp\/v2\/media?parent=1211"}],"wp:term":[{"taxonomy":"category","embeddable":true,"href":"https:\/\/agora.xtec.cat\/escolapau\/wp-json\/wp\/v2\/categories?post=1211"},{"taxonomy":"post_tag","embeddable":true,"href":"https:\/\/agora.xtec.cat\/escolapau\/wp-json\/wp\/v2\/tags?post=1211"}],"curies":[{"name":"wp","href":"https:\/\/api.w.org\/{rel}","templated":true}]}}