{"id":1163,"date":"2020-02-03T15:03:31","date_gmt":"2020-02-03T14:03:31","guid":{"rendered":"https:\/\/agora.xtec.cat\/escolapau\/?p=1163"},"modified":"2020-02-03T15:03:31","modified_gmt":"2020-02-03T14:03:31","slug":"lenigma-entremaliat-un-nou-repte","status":"publish","type":"post","link":"https:\/\/agora.xtec.cat\/escolapau\/general\/lenigma-entremaliat-un-nou-repte\/","title":{"rendered":"L&#8217;ENIGMA ENTREMALIAT. Un nou repte!!"},"content":{"rendered":"<p>Benvolgudes fam\u00edlies,<\/p>\n<p>Amb les nenes encertants del primer enigma, l\u2019Alba, la Vinyet, i l\u2019Alma hem triat aquesta segona proposta per<\/p>\n<p><strong>L\u2019ENIGMA ENTREMALIAT<\/strong><\/p>\n<p>Mireu les paraules escrites aqu\u00ed al damunt i intenteu dir en veu alta i molt r\u00e0pid el color en qu\u00e8 estan escrites,<\/p>\n<p><strong>no el color que diu la paraula. <\/strong>Veureu com \u00e9s molt dif\u00edcil per a tots els que ja sabeu llegir!!<\/p>\n<p><a href=\"https:\/\/agora.xtec.cat\/escolapau\/general\/lenigma-entremaliat-un-nou-repte\/attachment\/img-20200130-wa0009\/\" rel=\"attachment wp-att-1169\"><img loading=\"lazy\" decoding=\"async\" class=\"alignnone wp-image-1169\" src=\"https:\/\/agora.xtec.cat\/escolapau\/wp-content\/uploads\/usu1926\/2020\/01\/IMG-20200130-WA0009.jpg\" alt=\"\" width=\"371\" height=\"317\" srcset=\"https:\/\/agora.xtec.cat\/escolapau\/wp-content\/uploads\/usu1926\/2020\/01\/IMG-20200130-WA0009.jpg 540w, https:\/\/agora.xtec.cat\/escolapau\/wp-content\/uploads\/usu1926\/2020\/01\/IMG-20200130-WA0009-300x257.jpg 300w\" sizes=\"auto, (max-width: 371px) 100vw, 371px\" \/><\/a><a href=\"https:\/\/agora.xtec.cat\/escolapau\/general\/lenigma-entremaliat-un-nou-repte\/attachment\/noies\/\" rel=\"attachment wp-att-1170\"><img loading=\"lazy\" decoding=\"async\" class=\"alignnone wp-image-1170\" src=\"https:\/\/agora.xtec.cat\/escolapau\/wp-content\/uploads\/usu1926\/2020\/01\/noies.jpg\" alt=\"\" width=\"331\" height=\"446\" srcset=\"https:\/\/agora.xtec.cat\/escolapau\/wp-content\/uploads\/usu1926\/2020\/01\/noies.jpg 430w, https:\/\/agora.xtec.cat\/escolapau\/wp-content\/uploads\/usu1926\/2020\/01\/noies-222x300.jpg 222w\" sizes=\"auto, (max-width: 331px) 100vw, 331px\" \/><\/a><a href=\"https:\/\/agora.xtec.cat\/escolapau\/general\/lenigma-entremaliat-un-nou-repte\/attachment\/img-20200130-wa0009\/\" rel=\"attachment wp-att-1169\">\u00a0<\/a><\/p>\n<p>Practiqueu en fam\u00edlia i el <strong>dilluns 17\u00a0de febrer ,<\/strong> amb els vostres tutors\/es, comprovarem qui \u00e9s capa\u00e7 de fer-ho.<\/p>\n<p>Els que ho aconsegueixin triaran el proper enigma.<\/p>\n<p>L\u2019enigma tamb\u00e9 el trobareu <strong>penjat a les portes de l\u2019escola i a la web<\/strong> <u>agora.xtec.cat\/escolapau\/<\/u><\/p>\n<p>Animeu-vos!!!<\/p>\n<p>&nbsp;<\/p>\n<p>&nbsp;<\/p>\n<p>&nbsp;<\/p>\n","protected":false},"excerpt":{"rendered":"<p>Benvolgudes fam\u00edlies,<br \/>\nAmb les nenes encertants del primer enigma, l\u2019Alba, la Vinyet, i l\u2019Alma hem triat aquesta segona proposta per<br \/>\nL\u2019ENIGMA ENTREMALIAT<br \/>\nMireu les paraules escrites aqu\u00ed al damunt i intenteu dir en veu alta i molt r\u00e0pid el color en qu\u00e8 estan escrites,<br \/>\nno el color que diu&hellip;  <a href=\"https:\/\/agora.xtec.cat\/escolapau\/general\/lenigma-entremaliat-un-nou-repte\/\" title=\"Read L&#8217;ENIGMA ENTREMALIAT. Un nou repte!!\">Llegeix m\u00e9s\u00bb<\/a><\/p>\n","protected":false},"author":9,"featured_media":0,"comment_status":"open","ping_status":"closed","sticky":false,"template":"","format":"standard","meta":{"_bbp_topic_count":0,"_bbp_reply_count":0,"_bbp_total_topic_count":0,"_bbp_total_reply_count":0,"_bbp_voice_count":0,"_bbp_anonymous_reply_count":0,"_bbp_topic_count_hidden":0,"_bbp_reply_count_hidden":0,"_bbp_forum_subforum_count":0,"footnotes":""},"categories":[1],"tags":[],"class_list":["post-1163","post","type-post","status-publish","format-standard","hentry","category-general"],"post_mailing_queue_ids":[],"_links":{"self":[{"href":"https:\/\/agora.xtec.cat\/escolapau\/wp-json\/wp\/v2\/posts\/1163","targetHints":{"allow":["GET"]}}],"collection":[{"href":"https:\/\/agora.xtec.cat\/escolapau\/wp-json\/wp\/v2\/posts"}],"about":[{"href":"https:\/\/agora.xtec.cat\/escolapau\/wp-json\/wp\/v2\/types\/post"}],"author":[{"embeddable":true,"href":"https:\/\/agora.xtec.cat\/escolapau\/wp-json\/wp\/v2\/users\/9"}],"replies":[{"embeddable":true,"href":"https:\/\/agora.xtec.cat\/escolapau\/wp-json\/wp\/v2\/comments?post=1163"}],"version-history":[{"count":3,"href":"https:\/\/agora.xtec.cat\/escolapau\/wp-json\/wp\/v2\/posts\/1163\/revisions"}],"predecessor-version":[{"id":1172,"href":"https:\/\/agora.xtec.cat\/escolapau\/wp-json\/wp\/v2\/posts\/1163\/revisions\/1172"}],"wp:attachment":[{"href":"https:\/\/agora.xtec.cat\/escolapau\/wp-json\/wp\/v2\/media?parent=1163"}],"wp:term":[{"taxonomy":"category","embeddable":true,"href":"https:\/\/agora.xtec.cat\/escolapau\/wp-json\/wp\/v2\/categories?post=1163"},{"taxonomy":"post_tag","embeddable":true,"href":"https:\/\/agora.xtec.cat\/escolapau\/wp-json\/wp\/v2\/tags?post=1163"}],"curies":[{"name":"wp","href":"https:\/\/api.w.org\/{rel}","templated":true}]}}