{"id":1107,"date":"2019-12-11T10:24:43","date_gmt":"2019-12-11T09:24:43","guid":{"rendered":"https:\/\/agora.xtec.cat\/escolapau\/?p=1107"},"modified":"2019-12-11T10:24:43","modified_gmt":"2019-12-11T09:24:43","slug":"decoracio-nadalenca","status":"publish","type":"post","link":"https:\/\/agora.xtec.cat\/escolapau\/general\/decoracio-nadalenca\/","title":{"rendered":"Decoraci\u00f3 nadalenca"},"content":{"rendered":"<p>Hola fam\u00edlies!<\/p>\n<p>Aquesta setmana, tots els nens i les nenes hem fet un gran treball en equip per poder decorar l&#8217;escola. Hem anat a buscar el ti\u00f3 i hem muntat l&#8217;arbre de Nadal i el pessebre. Ara s\u00ed que s&#8217;hi respira un ambient nadalenc a la nostra escola!<\/p>\n<p>Els nens i les nenes d&#8217;infantil i cicle inicial han de portar alguna coseta perqu\u00e8 el ti\u00f3 mengi i ens cagui moltes coses. A les portes d&#8217;entrada trobareu l&#8217;organitzaci\u00f3 per saber quin dia li toca a cadasc\u00fa.<\/p>\n<p><a href=\"https:\/\/agora.xtec.cat\/escolapau\/wp-content\/uploads\/usu1926\/2019\/12\/IMG-7779-1.jpg\">Comen\u00e7a el compte enrere per a les vacances&#8230;!!!<img loading=\"lazy\" decoding=\"async\" class=\"aligncenter size-full wp-image-1115\" src=\"https:\/\/agora.xtec.cat\/escolapau\/wp-content\/uploads\/usu1926\/2019\/12\/IMG-7779-1.jpg\" alt=\"\" width=\"4032\" height=\"3024\" srcset=\"https:\/\/agora.xtec.cat\/escolapau\/wp-content\/uploads\/usu1926\/2019\/12\/IMG-7779-1.jpg 4032w, https:\/\/agora.xtec.cat\/escolapau\/wp-content\/uploads\/usu1926\/2019\/12\/IMG-7779-1-300x225.jpg 300w, https:\/\/agora.xtec.cat\/escolapau\/wp-content\/uploads\/usu1926\/2019\/12\/IMG-7779-1-768x576.jpg 768w, https:\/\/agora.xtec.cat\/escolapau\/wp-content\/uploads\/usu1926\/2019\/12\/IMG-7779-1-1024x768.jpg 1024w, https:\/\/agora.xtec.cat\/escolapau\/wp-content\/uploads\/usu1926\/2019\/12\/IMG-7779-1-200x150.jpg 200w\" sizes=\"auto, (max-width: 4032px) 100vw, 4032px\" \/><\/a><\/p>\n<p>&nbsp;<\/p>\n","protected":false},"excerpt":{"rendered":"<p>Hola fam\u00edlies!<br \/>\nAquesta setmana, tots els nens i les nenes hem fet un gran treball en equip per poder decorar l&#8217;escola. Hem anat a buscar el ti\u00f3 i hem muntat l&#8217;arbre de Nadal i el pessebre. Ara s\u00ed que s&#8217;hi respira un ambient nadalenc a la&hellip;  <a href=\"https:\/\/agora.xtec.cat\/escolapau\/general\/decoracio-nadalenca\/\" title=\"Read Decoraci\u00f3 nadalenca\">Llegeix m\u00e9s\u00bb<\/a><\/p>\n","protected":false},"author":1,"featured_media":1115,"comment_status":"closed","ping_status":"closed","sticky":false,"template":"","format":"standard","meta":{"_bbp_topic_count":0,"_bbp_reply_count":0,"_bbp_total_topic_count":0,"_bbp_total_reply_count":0,"_bbp_voice_count":0,"_bbp_anonymous_reply_count":0,"_bbp_topic_count_hidden":0,"_bbp_reply_count_hidden":0,"_bbp_forum_subforum_count":0,"footnotes":""},"categories":[1,4],"tags":[75],"class_list":["post-1107","post","type-post","status-publish","format-standard","has-post-thumbnail","hentry","category-general","category-portada","tag-nadal"],"post_mailing_queue_ids":[],"_links":{"self":[{"href":"https:\/\/agora.xtec.cat\/escolapau\/wp-json\/wp\/v2\/posts\/1107","targetHints":{"allow":["GET"]}}],"collection":[{"href":"https:\/\/agora.xtec.cat\/escolapau\/wp-json\/wp\/v2\/posts"}],"about":[{"href":"https:\/\/agora.xtec.cat\/escolapau\/wp-json\/wp\/v2\/types\/post"}],"author":[{"embeddable":true,"href":"https:\/\/agora.xtec.cat\/escolapau\/wp-json\/wp\/v2\/users\/1"}],"replies":[{"embeddable":true,"href":"https:\/\/agora.xtec.cat\/escolapau\/wp-json\/wp\/v2\/comments?post=1107"}],"version-history":[{"count":2,"href":"https:\/\/agora.xtec.cat\/escolapau\/wp-json\/wp\/v2\/posts\/1107\/revisions"}],"predecessor-version":[{"id":1116,"href":"https:\/\/agora.xtec.cat\/escolapau\/wp-json\/wp\/v2\/posts\/1107\/revisions\/1116"}],"wp:featuredmedia":[{"embeddable":true,"href":"https:\/\/agora.xtec.cat\/escolapau\/wp-json\/wp\/v2\/media\/1115"}],"wp:attachment":[{"href":"https:\/\/agora.xtec.cat\/escolapau\/wp-json\/wp\/v2\/media?parent=1107"}],"wp:term":[{"taxonomy":"category","embeddable":true,"href":"https:\/\/agora.xtec.cat\/escolapau\/wp-json\/wp\/v2\/categories?post=1107"},{"taxonomy":"post_tag","embeddable":true,"href":"https:\/\/agora.xtec.cat\/escolapau\/wp-json\/wp\/v2\/tags?post=1107"}],"curies":[{"name":"wp","href":"https:\/\/api.w.org\/{rel}","templated":true}]}}