{"id":1097,"date":"2019-12-10T13:01:06","date_gmt":"2019-12-10T12:01:06","guid":{"rendered":"https:\/\/agora.xtec.cat\/escolapau\/?p=1097"},"modified":"2019-12-10T13:02:02","modified_gmt":"2019-12-10T12:02:02","slug":"lespai-de-construccions","status":"publish","type":"post","link":"https:\/\/agora.xtec.cat\/escolapau\/infantil\/lespai-de-construccions\/","title":{"rendered":"L&#8217;espai  de construccions"},"content":{"rendered":"<p>Hola fam\u00edlies,<\/p>\n<p>Com ja sabeu, els divendres \u00e9s el dia dedicat a construccions i rampes. Llavors, utilitzem tota l&#8217;aula i fins i tot l&#8217;entrada de l&#8217;escola per jugar i fer grans i petites creacions. A m\u00e9s a m\u00e9s, els dies de cada dia, hi ha estones que tamb\u00e9 hi juguem per\u00f2 ho fem\u00a0 \u00a0en un espai m\u00e9s petit de l&#8217;aula.\u00a0 \u00c9s\u00a0 aquest petit espai el que us volem presentar avui: l&#8217;espai de construccions.\u00a0 Ja us anirem ampliant informaci\u00f3 per\u00f2 de moment aqu\u00ed en teniu un tastet. Esperem que us agradi, l&#8217;anem construint amb molta estima i il\u00b7lusi\u00f3,\u00a0 i els nens i nenes sembla que hi gaudeixen molt.<\/p>\n<p>&nbsp;<\/p>\n\n","protected":false},"excerpt":{"rendered":"<p>Hola fam\u00edlies,<br \/>\nCom ja sabeu, els divendres \u00e9s el dia dedicat a construccions i rampes. Llavors, utilitzem tota l&#8217;aula i fins i tot l&#8217;entrada de l&#8217;escola per jugar i fer grans i petites creacions. A m\u00e9s a m\u00e9s, els dies de cada dia, hi ha estones&hellip;  <a href=\"https:\/\/agora.xtec.cat\/escolapau\/infantil\/lespai-de-construccions\/\" title=\"Read L&#8217;espai  de construccions\">Llegeix m\u00e9s\u00bb<\/a><\/p>\n","protected":false},"author":11,"featured_media":0,"comment_status":"open","ping_status":"closed","sticky":false,"template":"","format":"standard","meta":{"_bbp_topic_count":0,"_bbp_reply_count":0,"_bbp_total_topic_count":0,"_bbp_total_reply_count":0,"_bbp_voice_count":0,"_bbp_anonymous_reply_count":0,"_bbp_topic_count_hidden":0,"_bbp_reply_count_hidden":0,"_bbp_forum_subforum_count":0,"footnotes":""},"categories":[2,4],"tags":[],"class_list":["post-1097","post","type-post","status-publish","format-standard","hentry","category-infantil","category-portada"],"post_mailing_queue_ids":[],"_links":{"self":[{"href":"https:\/\/agora.xtec.cat\/escolapau\/wp-json\/wp\/v2\/posts\/1097","targetHints":{"allow":["GET"]}}],"collection":[{"href":"https:\/\/agora.xtec.cat\/escolapau\/wp-json\/wp\/v2\/posts"}],"about":[{"href":"https:\/\/agora.xtec.cat\/escolapau\/wp-json\/wp\/v2\/types\/post"}],"author":[{"embeddable":true,"href":"https:\/\/agora.xtec.cat\/escolapau\/wp-json\/wp\/v2\/users\/11"}],"replies":[{"embeddable":true,"href":"https:\/\/agora.xtec.cat\/escolapau\/wp-json\/wp\/v2\/comments?post=1097"}],"version-history":[{"count":3,"href":"https:\/\/agora.xtec.cat\/escolapau\/wp-json\/wp\/v2\/posts\/1097\/revisions"}],"predecessor-version":[{"id":1102,"href":"https:\/\/agora.xtec.cat\/escolapau\/wp-json\/wp\/v2\/posts\/1097\/revisions\/1102"}],"wp:attachment":[{"href":"https:\/\/agora.xtec.cat\/escolapau\/wp-json\/wp\/v2\/media?parent=1097"}],"wp:term":[{"taxonomy":"category","embeddable":true,"href":"https:\/\/agora.xtec.cat\/escolapau\/wp-json\/wp\/v2\/categories?post=1097"},{"taxonomy":"post_tag","embeddable":true,"href":"https:\/\/agora.xtec.cat\/escolapau\/wp-json\/wp\/v2\/tags?post=1097"}],"curies":[{"name":"wp","href":"https:\/\/api.w.org\/{rel}","templated":true}]}}