{"id":1043,"date":"2019-11-27T14:00:47","date_gmt":"2019-11-27T13:00:47","guid":{"rendered":"https:\/\/agora.xtec.cat\/escolapau\/?p=1043"},"modified":"2019-11-27T14:07:00","modified_gmt":"2019-11-27T13:07:00","slug":"taller-mecanic-a-educacio-infantil","status":"publish","type":"post","link":"https:\/\/agora.xtec.cat\/escolapau\/infantil\/taller-mecanic-a-educacio-infantil\/","title":{"rendered":"Taller mec\u00e0nic a Educaci\u00f3 Infantil"},"content":{"rendered":"<p>Hola fam\u00edlies!<\/p>\n<p>El passat dimecres dia 20 de novembre, vam tenir una visita molt especial relacionada amb el projecte dels vehicles. En Manel Ortiz, el pare d\u2019en Joan i el mec\u00e0nic del poble, va venir a la nostra classe per ensenyar-nos les eines que fa servir per arreglar els cotxes i les motos. Tamb\u00e9 ens va portar la moto d&#8217;en Joan de quan era petit. Vam poder veure les parts de la moto i pujar-hi a sobre!<\/p>\n<p>Moltes gr\u00e0cies Manel! Ens va agradar molt que vinguessis a l\u2019aula!<\/p>\n\n<p>&nbsp;<\/p>\n","protected":false},"excerpt":{"rendered":"<p>Hola fam\u00edlies!<br \/>\nEl passat dimecres dia 20 de novembre, vam tenir una visita molt especial relacionada amb el projecte dels vehicles. En Manel Ortiz, el pare d\u2019en Joan i el mec\u00e0nic del poble, va venir a la nostra classe per ensenyar-nos les eines que fa servir&hellip;  <a href=\"https:\/\/agora.xtec.cat\/escolapau\/infantil\/taller-mecanic-a-educacio-infantil\/\" title=\"Read Taller mec\u00e0nic a Educaci\u00f3 Infantil\">Llegeix m\u00e9s\u00bb<\/a><\/p>\n","protected":false},"author":1,"featured_media":0,"comment_status":"closed","ping_status":"closed","sticky":false,"template":"","format":"standard","meta":{"_bbp_topic_count":0,"_bbp_reply_count":0,"_bbp_total_topic_count":0,"_bbp_total_reply_count":0,"_bbp_voice_count":0,"_bbp_anonymous_reply_count":0,"_bbp_topic_count_hidden":0,"_bbp_reply_count_hidden":0,"_bbp_forum_subforum_count":0,"footnotes":""},"categories":[2,4],"tags":[],"class_list":["post-1043","post","type-post","status-publish","format-standard","hentry","category-infantil","category-portada"],"post_mailing_queue_ids":[],"_links":{"self":[{"href":"https:\/\/agora.xtec.cat\/escolapau\/wp-json\/wp\/v2\/posts\/1043","targetHints":{"allow":["GET"]}}],"collection":[{"href":"https:\/\/agora.xtec.cat\/escolapau\/wp-json\/wp\/v2\/posts"}],"about":[{"href":"https:\/\/agora.xtec.cat\/escolapau\/wp-json\/wp\/v2\/types\/post"}],"author":[{"embeddable":true,"href":"https:\/\/agora.xtec.cat\/escolapau\/wp-json\/wp\/v2\/users\/1"}],"replies":[{"embeddable":true,"href":"https:\/\/agora.xtec.cat\/escolapau\/wp-json\/wp\/v2\/comments?post=1043"}],"version-history":[{"count":3,"href":"https:\/\/agora.xtec.cat\/escolapau\/wp-json\/wp\/v2\/posts\/1043\/revisions"}],"predecessor-version":[{"id":1054,"href":"https:\/\/agora.xtec.cat\/escolapau\/wp-json\/wp\/v2\/posts\/1043\/revisions\/1054"}],"wp:attachment":[{"href":"https:\/\/agora.xtec.cat\/escolapau\/wp-json\/wp\/v2\/media?parent=1043"}],"wp:term":[{"taxonomy":"category","embeddable":true,"href":"https:\/\/agora.xtec.cat\/escolapau\/wp-json\/wp\/v2\/categories?post=1043"},{"taxonomy":"post_tag","embeddable":true,"href":"https:\/\/agora.xtec.cat\/escolapau\/wp-json\/wp\/v2\/tags?post=1043"}],"curies":[{"name":"wp","href":"https:\/\/api.w.org\/{rel}","templated":true}]}}