{"id":7,"count":0,"description":"<a href=\"https:\/\/agora.xtec.cat\/escolaparcdelaciutadella\/wp-content\/uploads\/usu3064\/2026\/03\/Logo-AFA.png\"><img class=\"size-large wp-image-1461 aligncenter\" src=\"https:\/\/agora.xtec.cat\/escolaparcdelaciutadella\/wp-content\/uploads\/usu3064\/2026\/03\/Logo-AFA-1024x274.png\" alt=\"\" width=\"1024\" height=\"274\" \/><\/a>\r\n\r\nBenvinguts i benvingudes a l'espai de l'AFA de l'Escola Parc de la Ciutadella.\r\n\r\nL'AFA \u00e9s el conjunt de fam\u00edlies que s'associen per complementar la tasca pedag\u00f2gica del centre i els serveis que ofereixen l'escola, tenint en compte les necessitats de les fam\u00edlies.\r\n\r\nL'AFA compta amb una Junta formada per pares i mares voluntaris i una de les seves funcions m\u00e9s importants \u00e9s l'organitzaci\u00f3 d'activitats extraescolars (fora de l'horari lectiu) les quals s\u00f3n aprovades pel Consell Escolar.\r\n\r\nUs convidem a participar activament a l'AFA\r\n\r\nQualsevol consulta ens la podeu fer al correu electr\u00f2nic:\r\n<p style=\"text-align: center;\"><strong>ampaparcdelaciutadella@gmail.com<\/strong><\/p>\r\n<p style=\"text-align: center;\">Atenci\u00f3 al taulell de l'AFA<\/p>\r\n<p style=\"text-align: center;\">(De <strong>dilluns a divendres<\/strong> de <strong>16.20 a 18h.)<\/strong><\/p>\r\n&nbsp;\r\n\r\n<em>El projecte de dinamitzaci\u00f3 de l'AFA es fa a<i>mb el suport de l\u2019Ajuntament de Barcelona \u2013 Districte de Ciutat Vella<\/i><\/em>\r\n\r\n<a href=\"https:\/\/agora.xtec.cat\/escolaparcdelaciutadella\/wp-content\/uploads\/usu3064\/2026\/03\/AJBCN_Sign_Com_CiutatVella_Negre_Vermell-scaled.jpg\"><img class=\" wp-image-1459 aligncenter\" src=\"https:\/\/agora.xtec.cat\/escolaparcdelaciutadella\/wp-content\/uploads\/usu3064\/2026\/03\/AJBCN_Sign_Com_CiutatVella_Negre_Vermell-1024x344.jpg\" alt=\"\" width=\"346\" height=\"116\" \/><\/a>\r\n\r\n&nbsp;","link":"https:\/\/agora.xtec.cat\/escolaparcdelaciutadella\/categoria\/afa\/","name":"AFA","slug":"afa","taxonomy":"category","parent":0,"meta":[],"_links":{"self":[{"href":"https:\/\/agora.xtec.cat\/escolaparcdelaciutadella\/wp-json\/wp\/v2\/categories\/7","targetHints":{"allow":["GET"]}}],"collection":[{"href":"https:\/\/agora.xtec.cat\/escolaparcdelaciutadella\/wp-json\/wp\/v2\/categories"}],"about":[{"href":"https:\/\/agora.xtec.cat\/escolaparcdelaciutadella\/wp-json\/wp\/v2\/taxonomies\/category"}],"wp:post_type":[{"href":"https:\/\/agora.xtec.cat\/escolaparcdelaciutadella\/wp-json\/wp\/v2\/posts?categories=7"}],"curies":[{"name":"wp","href":"https:\/\/api.w.org\/{rel}","templated":true}]}}