{"id":40565,"date":"2026-04-23T19:45:56","date_gmt":"2026-04-23T17:45:56","guid":{"rendered":"https:\/\/agora.xtec.cat\/escolapaisoscatalans\/?p=40565"},"modified":"2026-04-23T19:47:03","modified_gmt":"2026-04-23T17:47:03","slug":"2n-exposicions-orals-els-crancs-i-les-meduses-2","status":"publish","type":"post","link":"https:\/\/agora.xtec.cat\/escolapaisoscatalans\/portada\/2n-exposicions-orals-els-crancs-i-les-meduses-2\/","title":{"rendered":"2n: EXPOSICIONS ORALS &#8220;ELS CRANCS&#8221; I &#8220;LES MEDUSES&#8221;"},"content":{"rendered":"<p style=\"text-align: justify;\" data-start=\"58\" data-end=\"266\">Els infants de 2n continuen descobrint el m\u00f3n amb curiositat i entusiasme. Aquesta vegada, han treballat sobre el medi mar\u00ed i han compartit els seus aprenentatges amb les seves fam\u00edlies amb dos exposicions orals molt interessants.<\/p>\n<p style=\"text-align: justify;\" data-start=\"58\" data-end=\"266\">Els infants de 2n A han explicat tot el que han apr\u00e8s sobre els crancs: com s\u00f3n, on viuen i quines curiositats els han sorpr\u00e8s m\u00e9s. Els de 2n B, un munt de coses sobre el m\u00f3n de les meduses, descobrint-ne les seves caracter\u00edstiques, els nombrosos tipus que existeixen i els misteris d&#8217;aquests animals tan especials.<\/p>\n<p style=\"text-align: justify;\" data-start=\"537\" data-end=\"599\" data-is-last-node=\"\" data-is-only-node=\"\">Us convidem a gaudir dels seus treballs amb aquests v\u00eddeos i a aprendre amb ells!<\/p>\n<table style=\"border-collapse: collapse; width: 100%;\">\n<tbody>\n<tr>\n<td style=\"width: 50%;\"><a href=\"https:\/\/agora.xtec.cat\/escolapaisoscatalans\/general\/2n-exposicions-orals-els-crancs-i-les-meduses\/\"><img loading=\"lazy\" decoding=\"async\" class=\"aligncenter size-medium wp-image-40566\" src=\"https:\/\/agora.xtec.cat\/escolapaisoscatalans\/wp-content\/uploads\/usu491\/2026\/04\/2nA-web-expo-300x172.png\" alt=\"\" width=\"300\" height=\"172\" srcset=\"https:\/\/agora.xtec.cat\/escolapaisoscatalans\/wp-content\/uploads\/usu491\/2026\/04\/2nA-web-expo-300x172.png 300w, https:\/\/agora.xtec.cat\/escolapaisoscatalans\/wp-content\/uploads\/usu491\/2026\/04\/2nA-web-expo-1024x587.png 1024w, https:\/\/agora.xtec.cat\/escolapaisoscatalans\/wp-content\/uploads\/usu491\/2026\/04\/2nA-web-expo-768x440.png 768w, https:\/\/agora.xtec.cat\/escolapaisoscatalans\/wp-content\/uploads\/usu491\/2026\/04\/2nA-web-expo.png 1321w\" sizes=\"auto, (max-width: 300px) 100vw, 300px\" \/><\/a><\/td>\n<td style=\"width: 50%;\"><a href=\"https:\/\/agora.xtec.cat\/escolapaisoscatalans\/general\/2n-exposicions-orals-els-crancs-i-les-meduses\/\"><img loading=\"lazy\" decoding=\"async\" class=\"aligncenter size-medium wp-image-40567\" src=\"https:\/\/agora.xtec.cat\/escolapaisoscatalans\/wp-content\/uploads\/usu491\/2026\/04\/2nB-web-expo-300x171.png\" alt=\"\" width=\"300\" height=\"171\" srcset=\"https:\/\/agora.xtec.cat\/escolapaisoscatalans\/wp-content\/uploads\/usu491\/2026\/04\/2nB-web-expo-300x171.png 300w, https:\/\/agora.xtec.cat\/escolapaisoscatalans\/wp-content\/uploads\/usu491\/2026\/04\/2nB-web-expo-1024x585.png 1024w, https:\/\/agora.xtec.cat\/escolapaisoscatalans\/wp-content\/uploads\/usu491\/2026\/04\/2nB-web-expo-768x439.png 768w, https:\/\/agora.xtec.cat\/escolapaisoscatalans\/wp-content\/uploads\/usu491\/2026\/04\/2nB-web-expo.png 1324w\" sizes=\"auto, (max-width: 300px) 100vw, 300px\" \/><\/a><\/td>\n<\/tr>\n<\/tbody>\n<\/table>\n","protected":false},"excerpt":{"rendered":"<p>Els infants de 2n continuen descobrint el m\u00f3n amb curiositat i entusiasme. Aquesta vegada, han treballat sobre el medi mar\u00ed i han compartit els seus aprenentatges amb les seves fam\u00edlies amb dos exposicions orals molt interessants.<br \/>\nEls infants de 2n A han explicat tot el que&hellip;  <a href=\"https:\/\/agora.xtec.cat\/escolapaisoscatalans\/portada\/2n-exposicions-orals-els-crancs-i-les-meduses-2\/\" title=\"Read 2n: EXPOSICIONS ORALS &#8220;ELS CRANCS&#8221; I &#8220;LES MEDUSES&#8221;\">Llegeix m\u00e9s\u00bb<\/a><\/p>\n","protected":false},"author":1,"featured_media":0,"comment_status":"open","ping_status":"open","sticky":false,"template":"","format":"standard","meta":{"_bbp_topic_count":0,"_bbp_reply_count":0,"_bbp_total_topic_count":0,"_bbp_total_reply_count":0,"_bbp_voice_count":0,"_bbp_anonymous_reply_count":0,"_bbp_topic_count_hidden":0,"_bbp_reply_count_hidden":0,"_bbp_forum_subforum_count":0,"footnotes":""},"categories":[11,4],"tags":[],"class_list":["post-40565","post","type-post","status-publish","format-standard","hentry","category-2n","category-portada"],"post_mailing_queue_ids":[],"_links":{"self":[{"href":"https:\/\/agora.xtec.cat\/escolapaisoscatalans\/wp-json\/wp\/v2\/posts\/40565","targetHints":{"allow":["GET"]}}],"collection":[{"href":"https:\/\/agora.xtec.cat\/escolapaisoscatalans\/wp-json\/wp\/v2\/posts"}],"about":[{"href":"https:\/\/agora.xtec.cat\/escolapaisoscatalans\/wp-json\/wp\/v2\/types\/post"}],"author":[{"embeddable":true,"href":"https:\/\/agora.xtec.cat\/escolapaisoscatalans\/wp-json\/wp\/v2\/users\/1"}],"replies":[{"embeddable":true,"href":"https:\/\/agora.xtec.cat\/escolapaisoscatalans\/wp-json\/wp\/v2\/comments?post=40565"}],"version-history":[{"count":3,"href":"https:\/\/agora.xtec.cat\/escolapaisoscatalans\/wp-json\/wp\/v2\/posts\/40565\/revisions"}],"predecessor-version":[{"id":40576,"href":"https:\/\/agora.xtec.cat\/escolapaisoscatalans\/wp-json\/wp\/v2\/posts\/40565\/revisions\/40576"}],"wp:attachment":[{"href":"https:\/\/agora.xtec.cat\/escolapaisoscatalans\/wp-json\/wp\/v2\/media?parent=40565"}],"wp:term":[{"taxonomy":"category","embeddable":true,"href":"https:\/\/agora.xtec.cat\/escolapaisoscatalans\/wp-json\/wp\/v2\/categories?post=40565"},{"taxonomy":"post_tag","embeddable":true,"href":"https:\/\/agora.xtec.cat\/escolapaisoscatalans\/wp-json\/wp\/v2\/tags?post=40565"}],"curies":[{"name":"wp","href":"https:\/\/api.w.org\/{rel}","templated":true}]}}