{"id":40521,"date":"2026-04-22T13:24:41","date_gmt":"2026-04-22T11:24:41","guid":{"rendered":"https:\/\/agora.xtec.cat\/escolapaisoscatalans\/?p=40521"},"modified":"2026-04-22T21:01:34","modified_gmt":"2026-04-22T19:01:34","slug":"la-panera","status":"publish","type":"post","link":"https:\/\/agora.xtec.cat\/escolapaisoscatalans\/general\/la-panera\/","title":{"rendered":"LA PANERA"},"content":{"rendered":"<p style=\"text-align: justify;\">Avui dimecres 22 d&#8217;abril, l\u2019alumnat de 2n hem pogut gaudir de dues magn\u00edfiques exposicions al museu d\u2019art <strong>La Panera.<\/strong><\/p>\n<p style=\"text-align: justify;\">En primer lloc hem vist el treball de <strong>Cristina Mej\u00edas. <\/strong>Una exposici\u00f3 on ens endinsem en un bosc, que ens permet aturar-nos-hi moment\u00e0niament abans de continuar vagarejant. On tot el que hem vist ho ha fet l&#8217;artista amb les seves pr\u00f2pies mans, i de fons escoltant els sons de la natura. Un moment molt relaxant i alhora molt especial.<\/p>\n<p style=\"text-align: justify;\">Per \u00faltim, hem pogut gaudir de petits curtmetratges, creats i dirigits per <strong>Julia Ocker<\/strong>. Aquests curtmetratges molt interessants on els personatges son animals, han rebut m\u00e9s de 100 premis. I hem pogut veure els esbossos que ha fet la Julia abans de passar-ho a la pantalla.<\/p>\n<p style=\"text-align: justify;\">Hem passat un mat\u00ed diferent, aprofit\u00f3s i molt interessant!!<\/p>\n<p style=\"text-align: justify;\">Per veure les fotos cliqueu <a href=\"https:\/\/agora.xtec.cat\/escolapaisoscatalans\/?p=40525&amp;preview=true\">aqu\u00ed<\/a>.<\/p>\n<p><a href=\"https:\/\/agora.xtec.cat\/escolapaisoscatalans\/wp-content\/uploads\/usu491\/2026\/04\/curt.jpg\"><img loading=\"lazy\" decoding=\"async\" class=\"alignleft wp-image-40522\" src=\"https:\/\/agora.xtec.cat\/escolapaisoscatalans\/wp-content\/uploads\/usu491\/2026\/04\/curt.jpg\" alt=\"\" width=\"162\" height=\"141\" srcset=\"https:\/\/agora.xtec.cat\/escolapaisoscatalans\/wp-content\/uploads\/usu491\/2026\/04\/curt.jpg 467w, https:\/\/agora.xtec.cat\/escolapaisoscatalans\/wp-content\/uploads\/usu491\/2026\/04\/curt-300x261.jpg 300w\" sizes=\"auto, (max-width: 162px) 100vw, 162px\" \/><\/a><\/p>\n","protected":false},"excerpt":{"rendered":"<p>Avui dimecres 22 d&#8217;abril, l\u2019alumnat de 2n hem pogut gaudir de dues magn\u00edfiques exposicions al museu d\u2019art La Panera.<br \/>\nEn primer lloc hem vist el treball de Cristina Mej\u00edas. Una exposici\u00f3 on ens endinsem en un bosc, que ens permet aturar-nos-hi moment\u00e0niament abans de continuar vagarejant.&hellip;  <a href=\"https:\/\/agora.xtec.cat\/escolapaisoscatalans\/general\/la-panera\/\" title=\"Read LA PANERA\">Llegeix m\u00e9s\u00bb<\/a><\/p>\n","protected":false},"author":11,"featured_media":0,"comment_status":"closed","ping_status":"closed","sticky":false,"template":"","format":"standard","meta":{"_bbp_topic_count":0,"_bbp_reply_count":0,"_bbp_total_topic_count":0,"_bbp_total_reply_count":0,"_bbp_voice_count":0,"_bbp_anonymous_reply_count":0,"_bbp_topic_count_hidden":0,"_bbp_reply_count_hidden":0,"_bbp_forum_subforum_count":0,"footnotes":""},"categories":[11,1,4],"tags":[],"class_list":["post-40521","post","type-post","status-publish","format-standard","hentry","category-2n","category-general","category-portada"],"post_mailing_queue_ids":[],"_links":{"self":[{"href":"https:\/\/agora.xtec.cat\/escolapaisoscatalans\/wp-json\/wp\/v2\/posts\/40521","targetHints":{"allow":["GET"]}}],"collection":[{"href":"https:\/\/agora.xtec.cat\/escolapaisoscatalans\/wp-json\/wp\/v2\/posts"}],"about":[{"href":"https:\/\/agora.xtec.cat\/escolapaisoscatalans\/wp-json\/wp\/v2\/types\/post"}],"author":[{"embeddable":true,"href":"https:\/\/agora.xtec.cat\/escolapaisoscatalans\/wp-json\/wp\/v2\/users\/11"}],"replies":[{"embeddable":true,"href":"https:\/\/agora.xtec.cat\/escolapaisoscatalans\/wp-json\/wp\/v2\/comments?post=40521"}],"version-history":[{"count":3,"href":"https:\/\/agora.xtec.cat\/escolapaisoscatalans\/wp-json\/wp\/v2\/posts\/40521\/revisions"}],"predecessor-version":[{"id":40564,"href":"https:\/\/agora.xtec.cat\/escolapaisoscatalans\/wp-json\/wp\/v2\/posts\/40521\/revisions\/40564"}],"wp:attachment":[{"href":"https:\/\/agora.xtec.cat\/escolapaisoscatalans\/wp-json\/wp\/v2\/media?parent=40521"}],"wp:term":[{"taxonomy":"category","embeddable":true,"href":"https:\/\/agora.xtec.cat\/escolapaisoscatalans\/wp-json\/wp\/v2\/categories?post=40521"},{"taxonomy":"post_tag","embeddable":true,"href":"https:\/\/agora.xtec.cat\/escolapaisoscatalans\/wp-json\/wp\/v2\/tags?post=40521"}],"curies":[{"name":"wp","href":"https:\/\/api.w.org\/{rel}","templated":true}]}}