{"id":40316,"date":"2026-04-20T12:57:57","date_gmt":"2026-04-20T10:57:57","guid":{"rendered":"https:\/\/agora.xtec.cat\/escolapaisoscatalans\/?p=40316"},"modified":"2026-04-20T12:57:57","modified_gmt":"2026-04-20T10:57:57","slug":"roda-de-contes-i4-najet-blanca-i-marta","status":"publish","type":"post","link":"https:\/\/agora.xtec.cat\/escolapaisoscatalans\/rodadecontes\/roda-de-contes-i4-najet-blanca-i-marta\/","title":{"rendered":"Roda de contes I4  (Najet, Blanca i Marta)"},"content":{"rendered":"<p data-pm-slice=\"1 1 []\">Aquesta setmana hem viscut una experi\u00e8ncia a la roda de contes de les fam\u00edlies de la classe dels Lleons i les Lleones.<br \/>\nAquestes fam\u00edlies han vingut a la classe per explicar-nos un conte. Hem pogut escoltar hist\u00f2ries plenes d\u2019imaginaci\u00f3, emocions i valors, que ens han fet viatjar per mons m\u00e0gics sense sortir de l\u2019aula.<\/p>\n<p>La mare de la Najet i membres de l&#8217;associaci\u00f3 Down Lleida han vingut a explicar el conte &#8220;L&#8217;Elefant Elmer&#8221; i li han explicat tots plegats acompanyats de titelles. Ha sigut una actuaci\u00f3, mot bonica i entretinguda.<\/p>\n<p>Les mares de la Blanca i la Marta ens han explicat el conte de&#8221; La Caputxeta vermella&#8221; on hi havia tots els personatges i ens han fet participar a tots\/es convertir-nos amb protagonistes.<\/p>\n<p>Feu clic a la imatge per veure les fotos.<\/p>\n<p><a href=\"https:\/\/agora.xtec.cat\/escolapaisoscatalans\/?p=40378&amp;preview=true\" rel=\"attachment wp-att-38394\"><img loading=\"lazy\" decoding=\"async\" class=\"aligncenter wp-image-38394\" src=\"https:\/\/agora.xtec.cat\/escolapaisoscatalans\/wp-content\/uploads\/usu491\/2025\/11\/ORADORA-2-1-300x105.png\" alt=\"\" width=\"545\" height=\"191\" srcset=\"https:\/\/agora.xtec.cat\/escolapaisoscatalans\/wp-content\/uploads\/usu491\/2025\/11\/ORADORA-2-1-300x105.png 300w, https:\/\/agora.xtec.cat\/escolapaisoscatalans\/wp-content\/uploads\/usu491\/2025\/11\/ORADORA-2-1-1024x358.png 1024w, https:\/\/agora.xtec.cat\/escolapaisoscatalans\/wp-content\/uploads\/usu491\/2025\/11\/ORADORA-2-1-768x268.png 768w, https:\/\/agora.xtec.cat\/escolapaisoscatalans\/wp-content\/uploads\/usu491\/2025\/11\/ORADORA-2-1-1536x537.png 1536w, https:\/\/agora.xtec.cat\/escolapaisoscatalans\/wp-content\/uploads\/usu491\/2025\/11\/ORADORA-2-1.png 1988w\" sizes=\"auto, (max-width: 545px) 100vw, 545px\" \/><\/a><\/p>\n","protected":false},"excerpt":{"rendered":"<p>Aquesta setmana hem viscut una experi\u00e8ncia a la roda de contes de les fam\u00edlies de la classe dels Lleons i les Lleones. Aquestes fam\u00edlies han vingut a la classe per explicar-nos un conte. Hem pogut escoltar hist\u00f2ries plenes d\u2019imaginaci\u00f3, emocions i valors, que ens han fet viatjar per mons m\u00e0gics sense sortir de l\u2019aula. La [&hellip;]<\/p>\n","protected":false},"author":8,"featured_media":0,"comment_status":"open","ping_status":"open","sticky":false,"template":"","format":"standard","meta":{"_bbp_topic_count":0,"_bbp_reply_count":0,"_bbp_total_topic_count":0,"_bbp_total_reply_count":0,"_bbp_voice_count":0,"_bbp_anonymous_reply_count":0,"_bbp_topic_count_hidden":0,"_bbp_reply_count_hidden":0,"_bbp_forum_subforum_count":0,"site-sidebar-layout":"default","site-content-layout":"","ast-site-content-layout":"","site-content-style":"default","site-sidebar-style":"default","ast-global-header-display":"","ast-banner-title-visibility":"","ast-main-header-display":"","ast-hfb-above-header-display":"","ast-hfb-below-header-display":"","ast-hfb-mobile-header-display":"","site-post-title":"","ast-breadcrumbs-content":"","ast-featured-img":"","footer-sml-layout":"","theme-transparent-header-meta":"","adv-header-id-meta":"","stick-header-meta":"","header-above-stick-meta":"","header-main-stick-meta":"","header-below-stick-meta":"","astra-migrate-meta-layouts":"default","ast-page-background-enabled":"default","ast-page-background-meta":{"desktop":{"background-color":"var(--ast-global-color-4)","background-image":"","background-repeat":"repeat","background-position":"center center","background-size":"auto","background-attachment":"scroll","background-type":"","background-media":"","overlay-type":"","overlay-color":"","overlay-opacity":"","overlay-gradient":""},"tablet":{"background-color":"","background-image":"","background-repeat":"repeat","background-position":"center center","background-size":"auto","background-attachment":"scroll","background-type":"","background-media":"","overlay-type":"","overlay-color":"","overlay-opacity":"","overlay-gradient":""},"mobile":{"background-color":"","background-image":"","background-repeat":"repeat","background-position":"center center","background-size":"auto","background-attachment":"scroll","background-type":"","background-media":"","overlay-type":"","overlay-color":"","overlay-opacity":"","overlay-gradient":""}},"ast-content-background-meta":{"desktop":{"background-color":"var(--ast-global-color-5)","background-image":"","background-repeat":"repeat","background-position":"center center","background-size":"auto","background-attachment":"scroll","background-type":"","background-media":"","overlay-type":"","overlay-color":"","overlay-opacity":"","overlay-gradient":""},"tablet":{"background-color":"var(--ast-global-color-5)","background-image":"","background-repeat":"repeat","background-position":"center center","background-size":"auto","background-attachment":"scroll","background-type":"","background-media":"","overlay-type":"","overlay-color":"","overlay-opacity":"","overlay-gradient":""},"mobile":{"background-color":"var(--ast-global-color-5)","background-image":"","background-repeat":"repeat","background-position":"center center","background-size":"auto","background-attachment":"scroll","background-type":"","background-media":"","overlay-type":"","overlay-color":"","overlay-opacity":"","overlay-gradient":""}},"footnotes":""},"categories":[54],"tags":[],"class_list":["post-40316","post","type-post","status-publish","format-standard","hentry","category-rodadecontes"],"post_mailing_queue_ids":[],"_links":{"self":[{"href":"https:\/\/agora.xtec.cat\/escolapaisoscatalans\/wp-json\/wp\/v2\/posts\/40316","targetHints":{"allow":["GET"]}}],"collection":[{"href":"https:\/\/agora.xtec.cat\/escolapaisoscatalans\/wp-json\/wp\/v2\/posts"}],"about":[{"href":"https:\/\/agora.xtec.cat\/escolapaisoscatalans\/wp-json\/wp\/v2\/types\/post"}],"author":[{"embeddable":true,"href":"https:\/\/agora.xtec.cat\/escolapaisoscatalans\/wp-json\/wp\/v2\/users\/8"}],"replies":[{"embeddable":true,"href":"https:\/\/agora.xtec.cat\/escolapaisoscatalans\/wp-json\/wp\/v2\/comments?post=40316"}],"version-history":[{"count":5,"href":"https:\/\/agora.xtec.cat\/escolapaisoscatalans\/wp-json\/wp\/v2\/posts\/40316\/revisions"}],"predecessor-version":[{"id":40482,"href":"https:\/\/agora.xtec.cat\/escolapaisoscatalans\/wp-json\/wp\/v2\/posts\/40316\/revisions\/40482"}],"wp:attachment":[{"href":"https:\/\/agora.xtec.cat\/escolapaisoscatalans\/wp-json\/wp\/v2\/media?parent=40316"}],"wp:term":[{"taxonomy":"category","embeddable":true,"href":"https:\/\/agora.xtec.cat\/escolapaisoscatalans\/wp-json\/wp\/v2\/categories?post=40316"},{"taxonomy":"post_tag","embeddable":true,"href":"https:\/\/agora.xtec.cat\/escolapaisoscatalans\/wp-json\/wp\/v2\/tags?post=40316"}],"curies":[{"name":"wp","href":"https:\/\/api.w.org\/{rel}","templated":true}]}}