{"id":38869,"date":"2025-12-19T10:42:52","date_gmt":"2025-12-19T09:42:52","guid":{"rendered":"https:\/\/agora.xtec.cat\/escolapaisoscatalans\/?p=38869"},"modified":"2025-12-19T10:46:11","modified_gmt":"2025-12-19T09:46:11","slug":"galetes-solidaries-2","status":"publish","type":"post","link":"https:\/\/agora.xtec.cat\/escolapaisoscatalans\/general\/galetes-solidaries-2\/","title":{"rendered":"GALETES SOLID\u00c0RIES"},"content":{"rendered":"<p style=\"text-align: justify;\">Els alumnes de 4t acomiadem el trimestre amb un gust molt dol\u00e7, no nom\u00e9s al paladar, sin\u00f3 al cor, ja que el tenim ple de paraules d&#8217;agra\u00efment per a totes aquelles fam\u00edlies, supermercats i persones que han fet possible que pogu\u00e9ssim dur a terme el nostre projecte d&#8217;emprenedoria.<\/p>\n<p style=\"text-align: justify;\">Aquest mat\u00ed la Laia, representant de l&#8217;Afanoc, ha vingut a la nostra escola i li hem fet entrega dels 515\u20ac recaptats amb la venda de galetes.<\/p>\n<p style=\"text-align: justify;\">Molt\u00edssimes gr\u00e0cies fam\u00edlies de Pa\u00efsos per haver fet possible aquest projecte.<\/p>\n<p style=\"text-align: justify;\">Entre tots sumem iniciatives, somriures i esperances.<\/p>\n<p style=\"text-align: justify;\">Gr\u00e0cies!!<\/p>\n<p><a href=\"https:\/\/agora.xtec.cat\/escolapaisoscatalans\/general\/galetes-solidaries\/\"><img loading=\"lazy\" decoding=\"async\" class=\"aligncenter size-large wp-image-38865\" src=\"https:\/\/agora.xtec.cat\/escolapaisoscatalans\/wp-content\/uploads\/usu491\/2025\/12\/PHOTO-2025-12-19-10-11-05-1-768x1024.jpg\" alt=\"\" width=\"768\" height=\"1024\" srcset=\"https:\/\/agora.xtec.cat\/escolapaisoscatalans\/wp-content\/uploads\/usu491\/2025\/12\/PHOTO-2025-12-19-10-11-05-1-768x1024.jpg 768w, https:\/\/agora.xtec.cat\/escolapaisoscatalans\/wp-content\/uploads\/usu491\/2025\/12\/PHOTO-2025-12-19-10-11-05-1-225x300.jpg 225w, https:\/\/agora.xtec.cat\/escolapaisoscatalans\/wp-content\/uploads\/usu491\/2025\/12\/PHOTO-2025-12-19-10-11-05-1-1152x1536.jpg 1152w, https:\/\/agora.xtec.cat\/escolapaisoscatalans\/wp-content\/uploads\/usu491\/2025\/12\/PHOTO-2025-12-19-10-11-05-1.jpg 1500w\" sizes=\"auto, (max-width: 768px) 100vw, 768px\" \/><\/a><\/p>\n","protected":false},"excerpt":{"rendered":"<p>Els alumnes de 4t acomiadem el trimestre amb un gust molt dol\u00e7, no nom\u00e9s al paladar, sin\u00f3 al cor, ja que el tenim ple de paraules d&#8217;agra\u00efment per a totes aquelles fam\u00edlies, supermercats i persones que han fet possible que pogu\u00e9ssim dur a terme el nostre projecte d&#8217;emprenedoria. Aquest mat\u00ed la Laia, representant de l&#8217;Afanoc, [&hellip;]<\/p>\n","protected":false},"author":14,"featured_media":38865,"comment_status":"closed","ping_status":"closed","sticky":false,"template":"","format":"standard","meta":{"_bbp_topic_count":0,"_bbp_reply_count":0,"_bbp_total_topic_count":0,"_bbp_total_reply_count":0,"_bbp_voice_count":0,"_bbp_anonymous_reply_count":0,"_bbp_topic_count_hidden":0,"_bbp_reply_count_hidden":0,"_bbp_forum_subforum_count":0,"site-sidebar-layout":"default","site-content-layout":"","ast-site-content-layout":"","site-content-style":"default","site-sidebar-style":"default","ast-global-header-display":"","ast-banner-title-visibility":"","ast-main-header-display":"","ast-hfb-above-header-display":"","ast-hfb-below-header-display":"","ast-hfb-mobile-header-display":"","site-post-title":"","ast-breadcrumbs-content":"","ast-featured-img":"","footer-sml-layout":"","theme-transparent-header-meta":"","adv-header-id-meta":"","stick-header-meta":"","header-above-stick-meta":"","header-main-stick-meta":"","header-below-stick-meta":"","astra-migrate-meta-layouts":"default","ast-page-background-enabled":"default","ast-page-background-meta":{"desktop":{"background-color":"var(--ast-global-color-4)","background-image":"","background-repeat":"repeat","background-position":"center center","background-size":"auto","background-attachment":"scroll","background-type":"","background-media":"","overlay-type":"","overlay-color":"","overlay-opacity":"","overlay-gradient":""},"tablet":{"background-color":"","background-image":"","background-repeat":"repeat","background-position":"center center","background-size":"auto","background-attachment":"scroll","background-type":"","background-media":"","overlay-type":"","overlay-color":"","overlay-opacity":"","overlay-gradient":""},"mobile":{"background-color":"","background-image":"","background-repeat":"repeat","background-position":"center center","background-size":"auto","background-attachment":"scroll","background-type":"","background-media":"","overlay-type":"","overlay-color":"","overlay-opacity":"","overlay-gradient":""}},"ast-content-background-meta":{"desktop":{"background-color":"var(--ast-global-color-5)","background-image":"","background-repeat":"repeat","background-position":"center center","background-size":"auto","background-attachment":"scroll","background-type":"","background-media":"","overlay-type":"","overlay-color":"","overlay-opacity":"","overlay-gradient":""},"tablet":{"background-color":"var(--ast-global-color-5)","background-image":"","background-repeat":"repeat","background-position":"center center","background-size":"auto","background-attachment":"scroll","background-type":"","background-media":"","overlay-type":"","overlay-color":"","overlay-opacity":"","overlay-gradient":""},"mobile":{"background-color":"var(--ast-global-color-5)","background-image":"","background-repeat":"repeat","background-position":"center center","background-size":"auto","background-attachment":"scroll","background-type":"","background-media":"","overlay-type":"","overlay-color":"","overlay-opacity":"","overlay-gradient":""}},"footnotes":""},"categories":[13,1,4],"tags":[],"class_list":["post-38869","post","type-post","status-publish","format-standard","has-post-thumbnail","hentry","category-4t","category-general","category-portada"],"post_mailing_queue_ids":[],"_links":{"self":[{"href":"https:\/\/agora.xtec.cat\/escolapaisoscatalans\/wp-json\/wp\/v2\/posts\/38869","targetHints":{"allow":["GET"]}}],"collection":[{"href":"https:\/\/agora.xtec.cat\/escolapaisoscatalans\/wp-json\/wp\/v2\/posts"}],"about":[{"href":"https:\/\/agora.xtec.cat\/escolapaisoscatalans\/wp-json\/wp\/v2\/types\/post"}],"author":[{"embeddable":true,"href":"https:\/\/agora.xtec.cat\/escolapaisoscatalans\/wp-json\/wp\/v2\/users\/14"}],"replies":[{"embeddable":true,"href":"https:\/\/agora.xtec.cat\/escolapaisoscatalans\/wp-json\/wp\/v2\/comments?post=38869"}],"version-history":[{"count":3,"href":"https:\/\/agora.xtec.cat\/escolapaisoscatalans\/wp-json\/wp\/v2\/posts\/38869\/revisions"}],"predecessor-version":[{"id":38878,"href":"https:\/\/agora.xtec.cat\/escolapaisoscatalans\/wp-json\/wp\/v2\/posts\/38869\/revisions\/38878"}],"wp:featuredmedia":[{"embeddable":true,"href":"https:\/\/agora.xtec.cat\/escolapaisoscatalans\/wp-json\/wp\/v2\/media\/38865"}],"wp:attachment":[{"href":"https:\/\/agora.xtec.cat\/escolapaisoscatalans\/wp-json\/wp\/v2\/media?parent=38869"}],"wp:term":[{"taxonomy":"category","embeddable":true,"href":"https:\/\/agora.xtec.cat\/escolapaisoscatalans\/wp-json\/wp\/v2\/categories?post=38869"},{"taxonomy":"post_tag","embeddable":true,"href":"https:\/\/agora.xtec.cat\/escolapaisoscatalans\/wp-json\/wp\/v2\/tags?post=38869"}],"curies":[{"name":"wp","href":"https:\/\/api.w.org\/{rel}","templated":true}]}}