{"id":37402,"date":"2025-09-30T16:03:50","date_gmt":"2025-09-30T14:03:50","guid":{"rendered":"https:\/\/agora.xtec.cat\/escolapaisoscatalans\/?p=37402"},"modified":"2025-09-30T23:57:32","modified_gmt":"2025-09-30T21:57:32","slug":"plenari-de-la-infancia-de-lleida","status":"publish","type":"post","link":"https:\/\/agora.xtec.cat\/escolapaisoscatalans\/general\/plenari-de-la-infancia-de-lleida\/","title":{"rendered":"PLENARI DE LA INF\u00c0NCIA DE LLEIDA"},"content":{"rendered":"<p style=\"text-align: justify;\">Avui hem escollit als alumnes que ens representaran com a escola i que formaran part del Consell de la Inf\u00e0ncia de Lleida. Agra\u00efm a tots i totes els que s&#8217;han presentat voluntaris, estem segurs que ho haguessin fet genial per\u00f2, per sorteig, han sigut escollits els seg\u00fcents alumnes: Paula Jimenez, N\u00faria Mart\u00ednez de 6\u00e8 A i Eneko Fabra, Alba Fortu\u00f1o de 6\u00e8 B. De ben segur que seran uns molt bons representats de l&#8217;escola durant aquest curs 2025-2026!<\/p>\n<p><a href=\"https:\/\/agora.xtec.cat\/escolapaisoscatalans\/wp-content\/uploads\/usu491\/2025\/09\/plenari-1-scaled.jpg\"><img loading=\"lazy\" decoding=\"async\" class=\"aligncenter size-medium wp-image-37403\" src=\"https:\/\/agora.xtec.cat\/escolapaisoscatalans\/wp-content\/uploads\/usu491\/2025\/09\/plenari-1-225x300.jpg\" alt=\"\" width=\"225\" height=\"300\" srcset=\"https:\/\/agora.xtec.cat\/escolapaisoscatalans\/wp-content\/uploads\/usu491\/2025\/09\/plenari-1-225x300.jpg 225w, https:\/\/agora.xtec.cat\/escolapaisoscatalans\/wp-content\/uploads\/usu491\/2025\/09\/plenari-1-768x1024.jpg 768w, https:\/\/agora.xtec.cat\/escolapaisoscatalans\/wp-content\/uploads\/usu491\/2025\/09\/plenari-1-1152x1536.jpg 1152w, https:\/\/agora.xtec.cat\/escolapaisoscatalans\/wp-content\/uploads\/usu491\/2025\/09\/plenari-1-1536x2048.jpg 1536w, https:\/\/agora.xtec.cat\/escolapaisoscatalans\/wp-content\/uploads\/usu491\/2025\/09\/plenari-1-scaled.jpg 1920w\" sizes=\"auto, (max-width: 225px) 100vw, 225px\" \/><\/a><\/p>\n","protected":false},"excerpt":{"rendered":"<p>Avui hem escollit als alumnes que ens representaran com a escola i que formaran part del Consell de la Inf\u00e0ncia de Lleida. Agra\u00efm a tots i totes els que s&#8217;han presentat voluntaris, estem segurs que ho haguessin fet genial per\u00f2, per sorteig, han sigut escollits els seg\u00fcents alumnes: Paula Jimenez, N\u00faria Mart\u00ednez de 6\u00e8 A [&hellip;]<\/p>\n","protected":false},"author":15,"featured_media":0,"comment_status":"open","ping_status":"open","sticky":false,"template":"","format":"standard","meta":{"_bbp_topic_count":0,"_bbp_reply_count":0,"_bbp_total_topic_count":0,"_bbp_total_reply_count":0,"_bbp_voice_count":0,"_bbp_anonymous_reply_count":0,"_bbp_topic_count_hidden":0,"_bbp_reply_count_hidden":0,"_bbp_forum_subforum_count":0,"site-sidebar-layout":"default","site-content-layout":"","ast-site-content-layout":"","site-content-style":"default","site-sidebar-style":"default","ast-global-header-display":"","ast-banner-title-visibility":"","ast-main-header-display":"","ast-hfb-above-header-display":"","ast-hfb-below-header-display":"","ast-hfb-mobile-header-display":"","site-post-title":"","ast-breadcrumbs-content":"","ast-featured-img":"","footer-sml-layout":"","theme-transparent-header-meta":"","adv-header-id-meta":"","stick-header-meta":"","header-above-stick-meta":"","header-main-stick-meta":"","header-below-stick-meta":"","astra-migrate-meta-layouts":"default","ast-page-background-enabled":"default","ast-page-background-meta":{"desktop":{"background-color":"var(--ast-global-color-4)","background-image":"","background-repeat":"repeat","background-position":"center center","background-size":"auto","background-attachment":"scroll","background-type":"","background-media":"","overlay-type":"","overlay-color":"","overlay-opacity":"","overlay-gradient":""},"tablet":{"background-color":"","background-image":"","background-repeat":"repeat","background-position":"center center","background-size":"auto","background-attachment":"scroll","background-type":"","background-media":"","overlay-type":"","overlay-color":"","overlay-opacity":"","overlay-gradient":""},"mobile":{"background-color":"","background-image":"","background-repeat":"repeat","background-position":"center center","background-size":"auto","background-attachment":"scroll","background-type":"","background-media":"","overlay-type":"","overlay-color":"","overlay-opacity":"","overlay-gradient":""}},"ast-content-background-meta":{"desktop":{"background-color":"var(--ast-global-color-5)","background-image":"","background-repeat":"repeat","background-position":"center center","background-size":"auto","background-attachment":"scroll","background-type":"","background-media":"","overlay-type":"","overlay-color":"","overlay-opacity":"","overlay-gradient":""},"tablet":{"background-color":"var(--ast-global-color-5)","background-image":"","background-repeat":"repeat","background-position":"center center","background-size":"auto","background-attachment":"scroll","background-type":"","background-media":"","overlay-type":"","overlay-color":"","overlay-opacity":"","overlay-gradient":""},"mobile":{"background-color":"var(--ast-global-color-5)","background-image":"","background-repeat":"repeat","background-position":"center center","background-size":"auto","background-attachment":"scroll","background-type":"","background-media":"","overlay-type":"","overlay-color":"","overlay-opacity":"","overlay-gradient":""}},"footnotes":""},"categories":[15,1,4],"tags":[],"class_list":["post-37402","post","type-post","status-publish","format-standard","hentry","category-6e","category-general","category-portada"],"post_mailing_queue_ids":[],"_links":{"self":[{"href":"https:\/\/agora.xtec.cat\/escolapaisoscatalans\/wp-json\/wp\/v2\/posts\/37402","targetHints":{"allow":["GET"]}}],"collection":[{"href":"https:\/\/agora.xtec.cat\/escolapaisoscatalans\/wp-json\/wp\/v2\/posts"}],"about":[{"href":"https:\/\/agora.xtec.cat\/escolapaisoscatalans\/wp-json\/wp\/v2\/types\/post"}],"author":[{"embeddable":true,"href":"https:\/\/agora.xtec.cat\/escolapaisoscatalans\/wp-json\/wp\/v2\/users\/15"}],"replies":[{"embeddable":true,"href":"https:\/\/agora.xtec.cat\/escolapaisoscatalans\/wp-json\/wp\/v2\/comments?post=37402"}],"version-history":[{"count":3,"href":"https:\/\/agora.xtec.cat\/escolapaisoscatalans\/wp-json\/wp\/v2\/posts\/37402\/revisions"}],"predecessor-version":[{"id":37406,"href":"https:\/\/agora.xtec.cat\/escolapaisoscatalans\/wp-json\/wp\/v2\/posts\/37402\/revisions\/37406"}],"wp:attachment":[{"href":"https:\/\/agora.xtec.cat\/escolapaisoscatalans\/wp-json\/wp\/v2\/media?parent=37402"}],"wp:term":[{"taxonomy":"category","embeddable":true,"href":"https:\/\/agora.xtec.cat\/escolapaisoscatalans\/wp-json\/wp\/v2\/categories?post=37402"},{"taxonomy":"post_tag","embeddable":true,"href":"https:\/\/agora.xtec.cat\/escolapaisoscatalans\/wp-json\/wp\/v2\/tags?post=37402"}],"curies":[{"name":"wp","href":"https:\/\/api.w.org\/{rel}","templated":true}]}}