{"id":37115,"date":"2025-06-16T10:02:05","date_gmt":"2025-06-16T08:02:05","guid":{"rendered":"https:\/\/agora.xtec.cat\/escolapaisoscatalans\/?p=37115"},"modified":"2025-06-16T10:03:00","modified_gmt":"2025-06-16T08:03:00","slug":"les-maduixeres-del-nostre-hort-i3-2","status":"publish","type":"post","link":"https:\/\/agora.xtec.cat\/escolapaisoscatalans\/i3\/les-maduixeres-del-nostre-hort-i3-2\/","title":{"rendered":"Les maduixeres del nostre hort I3"},"content":{"rendered":"<p data-start=\"142\" data-end=\"426\">Aquest curs, l\u2019hort de l\u2019escola ha tornat a ser un espai viu de descoberta, aprenentatge i connexi\u00f3 amb la natura. Un dels protagonistes indiscutibles ha estat la maduixera, que ens ha acompanyat durant tot el proc\u00e9s: des de l\u2019observaci\u00f3 i la cura fins a la collita i el tastet final.<\/p>\n<p data-start=\"428\" data-end=\"709\">Amb molta il\u00b7lusi\u00f3, hem fet neteja i hem cuidat les plantes amb responsabilitat i respecte. Observar com creixen les maduixes, veure\u2019n el color, la forma i fins i tot notar-ne l\u2019olor ens ha ajudat a connectar amb els petits detalls del dia a dia i a gaudir dels processos naturals.<\/p>\n<p data-start=\"711\" data-end=\"1122\">A m\u00e9s, hem tingut la sort de comptar amb dues aprenents que han fet una proposta educativa molt enriquidora al voltant de les maduixes. Gr\u00e0cies a la seva iniciativa, els infants han apr\u00e8s les parts de la maduixa, han treballat la simetria i fins i tot han pogut fer estampacions creatives utilitzant aquesta fruita. Ha estat una experi\u00e8ncia plena de joc, experimentaci\u00f3 i aprenentatge significatiu.<\/p>\n<p data-start=\"1124\" data-end=\"1309\">Gr\u00e0cies per aquesta proposta tan inspiradora! Ens ho hem passat d\u2019all\u00f2 m\u00e9s b\u00e9, i seguim conven\u00e7uts que l\u2019hort \u00e9s una porta oberta al descobriment constant i a l\u2019aprenentatge amb sentit.<\/p>\n<p data-start=\"1124\" data-end=\"1309\"><a href=\"https:\/\/agora.xtec.cat\/escolapaisoscatalans\/general\/les-maduixeres-del-nostre-hort-i3\"><img loading=\"lazy\" decoding=\"async\" class=\"alignnone size-large wp-image-37116\" src=\"https:\/\/agora.xtec.cat\/escolapaisoscatalans\/wp-content\/uploads\/usu491\/2025\/06\/IMG_2359-1-1-768x1024.jpg\" alt=\"\" width=\"768\" height=\"1024\" srcset=\"https:\/\/agora.xtec.cat\/escolapaisoscatalans\/wp-content\/uploads\/usu491\/2025\/06\/IMG_2359-1-1-768x1024.jpg 768w, https:\/\/agora.xtec.cat\/escolapaisoscatalans\/wp-content\/uploads\/usu491\/2025\/06\/IMG_2359-1-1-225x300.jpg 225w, https:\/\/agora.xtec.cat\/escolapaisoscatalans\/wp-content\/uploads\/usu491\/2025\/06\/IMG_2359-1-1-1152x1536.jpg 1152w, https:\/\/agora.xtec.cat\/escolapaisoscatalans\/wp-content\/uploads\/usu491\/2025\/06\/IMG_2359-1-1-1536x2048.jpg 1536w, https:\/\/agora.xtec.cat\/escolapaisoscatalans\/wp-content\/uploads\/usu491\/2025\/06\/IMG_2359-1-1-scaled.jpg 1920w\" sizes=\"auto, (max-width: 768px) 100vw, 768px\" \/><\/a><\/p>\n","protected":false},"excerpt":{"rendered":"<p>Aquest curs, l\u2019hort de l\u2019escola ha tornat a ser un espai viu de descoberta, aprenentatge i connexi\u00f3 amb la natura. Un dels protagonistes indiscutibles ha estat la maduixera, que ens ha acompanyat durant tot el proc\u00e9s: des de l\u2019observaci\u00f3 i la cura fins a la&hellip;  <a href=\"https:\/\/agora.xtec.cat\/escolapaisoscatalans\/i3\/les-maduixeres-del-nostre-hort-i3-2\/\" title=\"Read Les maduixeres del nostre hort I3\">Llegeix m\u00e9s\u00bb<\/a><\/p>\n","protected":false},"author":7,"featured_media":0,"comment_status":"closed","ping_status":"closed","sticky":false,"template":"","format":"standard","meta":{"_bbp_topic_count":0,"_bbp_reply_count":0,"_bbp_total_topic_count":0,"_bbp_total_reply_count":0,"_bbp_voice_count":0,"_bbp_anonymous_reply_count":0,"_bbp_topic_count_hidden":0,"_bbp_reply_count_hidden":0,"_bbp_forum_subforum_count":0,"footnotes":""},"categories":[3],"tags":[],"class_list":["post-37115","post","type-post","status-publish","format-standard","hentry","category-i3"],"post_mailing_queue_ids":[],"_links":{"self":[{"href":"https:\/\/agora.xtec.cat\/escolapaisoscatalans\/wp-json\/wp\/v2\/posts\/37115","targetHints":{"allow":["GET"]}}],"collection":[{"href":"https:\/\/agora.xtec.cat\/escolapaisoscatalans\/wp-json\/wp\/v2\/posts"}],"about":[{"href":"https:\/\/agora.xtec.cat\/escolapaisoscatalans\/wp-json\/wp\/v2\/types\/post"}],"author":[{"embeddable":true,"href":"https:\/\/agora.xtec.cat\/escolapaisoscatalans\/wp-json\/wp\/v2\/users\/7"}],"replies":[{"embeddable":true,"href":"https:\/\/agora.xtec.cat\/escolapaisoscatalans\/wp-json\/wp\/v2\/comments?post=37115"}],"version-history":[{"count":2,"href":"https:\/\/agora.xtec.cat\/escolapaisoscatalans\/wp-json\/wp\/v2\/posts\/37115\/revisions"}],"predecessor-version":[{"id":37119,"href":"https:\/\/agora.xtec.cat\/escolapaisoscatalans\/wp-json\/wp\/v2\/posts\/37115\/revisions\/37119"}],"wp:attachment":[{"href":"https:\/\/agora.xtec.cat\/escolapaisoscatalans\/wp-json\/wp\/v2\/media?parent=37115"}],"wp:term":[{"taxonomy":"category","embeddable":true,"href":"https:\/\/agora.xtec.cat\/escolapaisoscatalans\/wp-json\/wp\/v2\/categories?post=37115"},{"taxonomy":"post_tag","embeddable":true,"href":"https:\/\/agora.xtec.cat\/escolapaisoscatalans\/wp-json\/wp\/v2\/tags?post=37115"}],"curies":[{"name":"wp","href":"https:\/\/api.w.org\/{rel}","templated":true}]}}