{"id":37034,"date":"2025-06-06T22:36:02","date_gmt":"2025-06-06T20:36:02","guid":{"rendered":"https:\/\/agora.xtec.cat\/escolapaisoscatalans\/?p=37034"},"modified":"2025-06-07T10:35:05","modified_gmt":"2025-06-07T08:35:05","slug":"premis-fesalutlleida-2025","status":"publish","type":"post","link":"https:\/\/agora.xtec.cat\/escolapaisoscatalans\/general\/premis-fesalutlleida-2025\/","title":{"rendered":"Premis FeSalutlleida 2025"},"content":{"rendered":"<p style=\"text-align: justify;\">Aquest any l\u2019alumnat de 4t ha participat en la primera entrega de premis FeSalutlleida, on la Lucia Craviotto ha estat guanyadora d\u2019un kit de manualitats.<\/p>\n<p style=\"text-align: justify;\">Celebrant els 25 anys amb entitats que treballen per una societat m\u00e9s sana i inclusiva vam passar un mat\u00ed ben distret, on el teatre tamb\u00e9 va formar part d\u2019aquesta bonica organitzaci\u00f3.<\/p>\n<p style=\"text-align: justify;\">La Lucia va estar acompanyada pels delegats i delegades de curs que ens vam trobar a la Casa dels Gegants.<\/p>\n<p style=\"text-align: justify;\">Enhorabona Lucia, ets una campiona i gr\u00e0cies a tots els alumnes per participar.<\/p>\n<p style=\"text-align: justify;\"><a href=\"https:\/\/agora.xtec.cat\/escolapaisoscatalans\/wp-content\/uploads\/usu491\/2025\/06\/2-lucia.jpg\"><img loading=\"lazy\" decoding=\"async\" class=\"aligncenter size-large wp-image-37035\" src=\"https:\/\/agora.xtec.cat\/escolapaisoscatalans\/wp-content\/uploads\/usu491\/2025\/06\/2-lucia-742x1024.jpg\" alt=\"\" width=\"742\" height=\"1024\" srcset=\"https:\/\/agora.xtec.cat\/escolapaisoscatalans\/wp-content\/uploads\/usu491\/2025\/06\/2-lucia-742x1024.jpg 742w, https:\/\/agora.xtec.cat\/escolapaisoscatalans\/wp-content\/uploads\/usu491\/2025\/06\/2-lucia-217x300.jpg 217w, https:\/\/agora.xtec.cat\/escolapaisoscatalans\/wp-content\/uploads\/usu491\/2025\/06\/2-lucia-768x1059.jpg 768w, https:\/\/agora.xtec.cat\/escolapaisoscatalans\/wp-content\/uploads\/usu491\/2025\/06\/2-lucia-1113x1536.jpg 1113w, https:\/\/agora.xtec.cat\/escolapaisoscatalans\/wp-content\/uploads\/usu491\/2025\/06\/2-lucia-1485x2048.jpg 1485w, https:\/\/agora.xtec.cat\/escolapaisoscatalans\/wp-content\/uploads\/usu491\/2025\/06\/2-lucia.jpg 1626w\" sizes=\"auto, (max-width: 742px) 100vw, 742px\" \/><\/a><\/p>\n","protected":false},"excerpt":{"rendered":"<p>Aquest any l\u2019alumnat de 4t ha participat en la primera entrega de premis FeSalutlleida, on la Lucia Craviotto ha estat guanyadora d\u2019un kit de manualitats. Celebrant els 25 anys amb entitats que treballen per una societat m\u00e9s sana i inclusiva vam passar un mat\u00ed ben distret, on el teatre tamb\u00e9 va formar part d\u2019aquesta bonica [&hellip;]<\/p>\n","protected":false},"author":14,"featured_media":37035,"comment_status":"closed","ping_status":"closed","sticky":false,"template":"","format":"standard","meta":{"_bbp_topic_count":0,"_bbp_reply_count":0,"_bbp_total_topic_count":0,"_bbp_total_reply_count":0,"_bbp_voice_count":0,"_bbp_anonymous_reply_count":0,"_bbp_topic_count_hidden":0,"_bbp_reply_count_hidden":0,"_bbp_forum_subforum_count":0,"site-sidebar-layout":"default","site-content-layout":"","ast-site-content-layout":"","site-content-style":"default","site-sidebar-style":"default","ast-global-header-display":"","ast-banner-title-visibility":"","ast-main-header-display":"","ast-hfb-above-header-display":"","ast-hfb-below-header-display":"","ast-hfb-mobile-header-display":"","site-post-title":"","ast-breadcrumbs-content":"","ast-featured-img":"","footer-sml-layout":"","theme-transparent-header-meta":"","adv-header-id-meta":"","stick-header-meta":"","header-above-stick-meta":"","header-main-stick-meta":"","header-below-stick-meta":"","astra-migrate-meta-layouts":"default","ast-page-background-enabled":"default","ast-page-background-meta":{"desktop":{"background-color":"var(--ast-global-color-4)","background-image":"","background-repeat":"repeat","background-position":"center center","background-size":"auto","background-attachment":"scroll","background-type":"","background-media":"","overlay-type":"","overlay-color":"","overlay-opacity":"","overlay-gradient":""},"tablet":{"background-color":"","background-image":"","background-repeat":"repeat","background-position":"center center","background-size":"auto","background-attachment":"scroll","background-type":"","background-media":"","overlay-type":"","overlay-color":"","overlay-opacity":"","overlay-gradient":""},"mobile":{"background-color":"","background-image":"","background-repeat":"repeat","background-position":"center center","background-size":"auto","background-attachment":"scroll","background-type":"","background-media":"","overlay-type":"","overlay-color":"","overlay-opacity":"","overlay-gradient":""}},"ast-content-background-meta":{"desktop":{"background-color":"var(--ast-global-color-5)","background-image":"","background-repeat":"repeat","background-position":"center center","background-size":"auto","background-attachment":"scroll","background-type":"","background-media":"","overlay-type":"","overlay-color":"","overlay-opacity":"","overlay-gradient":""},"tablet":{"background-color":"var(--ast-global-color-5)","background-image":"","background-repeat":"repeat","background-position":"center center","background-size":"auto","background-attachment":"scroll","background-type":"","background-media":"","overlay-type":"","overlay-color":"","overlay-opacity":"","overlay-gradient":""},"mobile":{"background-color":"var(--ast-global-color-5)","background-image":"","background-repeat":"repeat","background-position":"center center","background-size":"auto","background-attachment":"scroll","background-type":"","background-media":"","overlay-type":"","overlay-color":"","overlay-opacity":"","overlay-gradient":""}},"footnotes":""},"categories":[13,1,4],"tags":[],"class_list":["post-37034","post","type-post","status-publish","format-standard","has-post-thumbnail","hentry","category-4t","category-general","category-portada"],"post_mailing_queue_ids":[],"_links":{"self":[{"href":"https:\/\/agora.xtec.cat\/escolapaisoscatalans\/wp-json\/wp\/v2\/posts\/37034","targetHints":{"allow":["GET"]}}],"collection":[{"href":"https:\/\/agora.xtec.cat\/escolapaisoscatalans\/wp-json\/wp\/v2\/posts"}],"about":[{"href":"https:\/\/agora.xtec.cat\/escolapaisoscatalans\/wp-json\/wp\/v2\/types\/post"}],"author":[{"embeddable":true,"href":"https:\/\/agora.xtec.cat\/escolapaisoscatalans\/wp-json\/wp\/v2\/users\/14"}],"replies":[{"embeddable":true,"href":"https:\/\/agora.xtec.cat\/escolapaisoscatalans\/wp-json\/wp\/v2\/comments?post=37034"}],"version-history":[{"count":3,"href":"https:\/\/agora.xtec.cat\/escolapaisoscatalans\/wp-json\/wp\/v2\/posts\/37034\/revisions"}],"predecessor-version":[{"id":37038,"href":"https:\/\/agora.xtec.cat\/escolapaisoscatalans\/wp-json\/wp\/v2\/posts\/37034\/revisions\/37038"}],"wp:featuredmedia":[{"embeddable":true,"href":"https:\/\/agora.xtec.cat\/escolapaisoscatalans\/wp-json\/wp\/v2\/media\/37035"}],"wp:attachment":[{"href":"https:\/\/agora.xtec.cat\/escolapaisoscatalans\/wp-json\/wp\/v2\/media?parent=37034"}],"wp:term":[{"taxonomy":"category","embeddable":true,"href":"https:\/\/agora.xtec.cat\/escolapaisoscatalans\/wp-json\/wp\/v2\/categories?post=37034"},{"taxonomy":"post_tag","embeddable":true,"href":"https:\/\/agora.xtec.cat\/escolapaisoscatalans\/wp-json\/wp\/v2\/tags?post=37034"}],"curies":[{"name":"wp","href":"https:\/\/api.w.org\/{rel}","templated":true}]}}