{"id":36965,"date":"2025-06-04T00:50:32","date_gmt":"2025-06-03T22:50:32","guid":{"rendered":"https:\/\/agora.xtec.cat\/escolapaisoscatalans\/?p=36965"},"modified":"2025-06-04T21:25:39","modified_gmt":"2025-06-04T19:25:39","slug":"fira-escoles-sostenibles-2","status":"publish","type":"post","link":"https:\/\/agora.xtec.cat\/escolapaisoscatalans\/portada\/fira-escoles-sostenibles-2\/","title":{"rendered":"Fira ESCOLES SOSTENIBLES"},"content":{"rendered":"<p style=\"text-align: justify;\">El passat dijous, 29 de maig, vam participar a la Fira de cloenda d&#8217; ESCOLES SOSTENIBLES que va tenir lloc al Parc de La Mitjana. Com ja venim fent els darrers anys, juntament amb altres escoles de Lleida, mostrem les activitats i projectes MEDIAMBIENTALS que fem i podem con\u00e8ixer el que fan la resta. En representaci\u00f3 de l&#8217; Escola Pa\u00efsos vam assistir 6 alumnes de 2n i vam presentar el JARD\u00cd DE PAPALLONES que estem creant a dalt de la muntanyeta, entre altres coses.<\/p>\n<p style=\"text-align: justify;\">Ens van convidar a esmorzar i despr\u00e9s vam gaudir d&#8217;un conte musical en el que vam crear entre tots l&#8217;ambient sonor, ja que vam tocar instruments ben curiosos, fets amb materials reciclats, que reproduien sons d&#8217;animals.<\/p>\n<p style=\"text-align: justify;\">Vam passar una mat\u00ed ben agradable en un entorn privilegiat envoltats de natura.<\/p>\n<p><a href=\"https:\/\/agora.xtec.cat\/escolapaisoscatalans\/general\/fira-escoles-sostenibles\/\"><img loading=\"lazy\" decoding=\"async\" class=\"size-medium wp-image-36962 alignleft\" src=\"https:\/\/agora.xtec.cat\/escolapaisoscatalans\/wp-content\/uploads\/usu491\/2025\/06\/ESC-SOS-300x241.png\" alt=\"\" width=\"300\" height=\"241\" srcset=\"https:\/\/agora.xtec.cat\/escolapaisoscatalans\/wp-content\/uploads\/usu491\/2025\/06\/ESC-SOS-300x241.png 300w, https:\/\/agora.xtec.cat\/escolapaisoscatalans\/wp-content\/uploads\/usu491\/2025\/06\/ESC-SOS.png 757w\" sizes=\"auto, (max-width: 300px) 100vw, 300px\" \/><\/a><\/p>\n","protected":false},"excerpt":{"rendered":"<p>El passat dijous, 29 de maig, vam participar a la Fira de cloenda d&#8217; ESCOLES SOSTENIBLES que va tenir lloc al Parc de La Mitjana. Com ja venim fent els darrers anys, juntament amb altres escoles de Lleida, mostrem les activitats i projectes MEDIAMBIENTALS que&hellip;  <a href=\"https:\/\/agora.xtec.cat\/escolapaisoscatalans\/portada\/fira-escoles-sostenibles-2\/\" title=\"Read Fira ESCOLES SOSTENIBLES\">Llegeix m\u00e9s\u00bb<\/a><\/p>\n","protected":false},"author":18,"featured_media":0,"comment_status":"open","ping_status":"open","sticky":false,"template":"","format":"standard","meta":{"_bbp_topic_count":0,"_bbp_reply_count":0,"_bbp_total_topic_count":0,"_bbp_total_reply_count":0,"_bbp_voice_count":0,"_bbp_anonymous_reply_count":0,"_bbp_topic_count_hidden":0,"_bbp_reply_count_hidden":0,"_bbp_forum_subforum_count":0,"footnotes":""},"categories":[11,4],"tags":[],"class_list":["post-36965","post","type-post","status-publish","format-standard","hentry","category-2n","category-portada"],"post_mailing_queue_ids":[],"_links":{"self":[{"href":"https:\/\/agora.xtec.cat\/escolapaisoscatalans\/wp-json\/wp\/v2\/posts\/36965","targetHints":{"allow":["GET"]}}],"collection":[{"href":"https:\/\/agora.xtec.cat\/escolapaisoscatalans\/wp-json\/wp\/v2\/posts"}],"about":[{"href":"https:\/\/agora.xtec.cat\/escolapaisoscatalans\/wp-json\/wp\/v2\/types\/post"}],"author":[{"embeddable":true,"href":"https:\/\/agora.xtec.cat\/escolapaisoscatalans\/wp-json\/wp\/v2\/users\/18"}],"replies":[{"embeddable":true,"href":"https:\/\/agora.xtec.cat\/escolapaisoscatalans\/wp-json\/wp\/v2\/comments?post=36965"}],"version-history":[{"count":3,"href":"https:\/\/agora.xtec.cat\/escolapaisoscatalans\/wp-json\/wp\/v2\/posts\/36965\/revisions"}],"predecessor-version":[{"id":36968,"href":"https:\/\/agora.xtec.cat\/escolapaisoscatalans\/wp-json\/wp\/v2\/posts\/36965\/revisions\/36968"}],"wp:attachment":[{"href":"https:\/\/agora.xtec.cat\/escolapaisoscatalans\/wp-json\/wp\/v2\/media?parent=36965"}],"wp:term":[{"taxonomy":"category","embeddable":true,"href":"https:\/\/agora.xtec.cat\/escolapaisoscatalans\/wp-json\/wp\/v2\/categories?post=36965"},{"taxonomy":"post_tag","embeddable":true,"href":"https:\/\/agora.xtec.cat\/escolapaisoscatalans\/wp-json\/wp\/v2\/tags?post=36965"}],"curies":[{"name":"wp","href":"https:\/\/api.w.org\/{rel}","templated":true}]}}