{"id":36878,"date":"2025-06-02T12:09:49","date_gmt":"2025-06-02T10:09:49","guid":{"rendered":"https:\/\/agora.xtec.cat\/escolapaisoscatalans\/?p=36878"},"modified":"2025-06-02T14:29:31","modified_gmt":"2025-06-02T12:29:31","slug":"i3-anem-dexcursio-a-la-manreana","status":"publish","type":"post","link":"https:\/\/agora.xtec.cat\/escolapaisoscatalans\/general\/i3-anem-dexcursio-a-la-manreana\/","title":{"rendered":"I3 anem d&#8217;excursi\u00f3 a la Manreana"},"content":{"rendered":"<p style=\"text-align: justify;\" data-start=\"96\" data-end=\"442\">El passat divendres 30 de maig, els infants d\u2019I3 vam viure una experi\u00e8ncia molt especial a la granja-escola La Manreana.<\/p>\n<p style=\"text-align: justify;\" data-start=\"96\" data-end=\"442\">Amb molta il\u00b7lusi\u00f3 vam descobrir on viuen els animals, com s\u00f3n, qu\u00e8 mengen&#8230; i fins i tot vam tenir l\u2019oportunitat de tocar-los i donar-los menjar amb les nostres pr\u00f2pies mans. Va ser un moment ple de tendresa i emoci\u00f3!<\/p>\n<p style=\"text-align: justify;\" data-start=\"444\" data-end=\"702\">Tamb\u00e9 vam visitar el forn de pa, on ens vam convertir en petits forners. Amb molta cura i entusiasme vam barrejar els ingredients, vam pastar la massa i vam preparar el nostre propi panet. Un cop cuit, ens el vam endur a casa per compartir-lo amb la fam\u00edlia.<\/p>\n<p style=\"text-align: justify;\" data-start=\"704\" data-end=\"898\">Despr\u00e9s dels tallers, vam poder jugar al parc i refrescar-nos sota els aspersors, cosa que ens va anar molt b\u00e9, ja que feia molta calor. Entre rialles i aigua, vam acabar de passar un dia m\u00e0gic.<\/p>\n<p style=\"text-align: justify;\" data-start=\"900\" data-end=\"1009\">Ha estat una jornada plena de descobertes, emocions i moments inoblidables. Ens ho hem passat molt i molt b\u00e9!<\/p>\n<p style=\"text-align: justify;\" data-start=\"1011\" data-end=\"1078\">Us convidem a gaudir del recull fotogr\u00e0fic clicant a la imatge.<\/p>\n<p style=\"text-align: justify;\"><a href=\"https:\/\/agora.xtec.cat\/escolapaisoscatalans\/general\/i3-anem-dexcursio-a-la-manreana-2\/\"><img loading=\"lazy\" decoding=\"async\" class=\"alignnone size-large wp-image-36893\" src=\"https:\/\/agora.xtec.cat\/escolapaisoscatalans\/wp-content\/uploads\/usu491\/2025\/05\/IMG_3335-1-768x1024.jpg\" alt=\"\" width=\"768\" height=\"1024\" srcset=\"https:\/\/agora.xtec.cat\/escolapaisoscatalans\/wp-content\/uploads\/usu491\/2025\/05\/IMG_3335-1-768x1024.jpg 768w, https:\/\/agora.xtec.cat\/escolapaisoscatalans\/wp-content\/uploads\/usu491\/2025\/05\/IMG_3335-1-225x300.jpg 225w, https:\/\/agora.xtec.cat\/escolapaisoscatalans\/wp-content\/uploads\/usu491\/2025\/05\/IMG_3335-1-1152x1536.jpg 1152w, https:\/\/agora.xtec.cat\/escolapaisoscatalans\/wp-content\/uploads\/usu491\/2025\/05\/IMG_3335-1-1536x2048.jpg 1536w, https:\/\/agora.xtec.cat\/escolapaisoscatalans\/wp-content\/uploads\/usu491\/2025\/05\/IMG_3335-1-scaled.jpg 1920w\" sizes=\"auto, (max-width: 768px) 100vw, 768px\" \/><\/a><\/p>\n","protected":false},"excerpt":{"rendered":"<p>El passat divendres 30 de maig, els infants d\u2019I3 vam viure una experi\u00e8ncia molt especial a la granja-escola La Manreana.<br \/>\nAmb molta il\u00b7lusi\u00f3 vam descobrir on viuen els animals, com s\u00f3n, qu\u00e8 mengen&#8230; i fins i tot vam tenir l\u2019oportunitat de tocar-los i donar-los menjar amb&hellip;  <a href=\"https:\/\/agora.xtec.cat\/escolapaisoscatalans\/general\/i3-anem-dexcursio-a-la-manreana\/\" title=\"Read I3 anem d&#8217;excursi\u00f3 a la Manreana\">Llegeix m\u00e9s\u00bb<\/a><\/p>\n","protected":false},"author":7,"featured_media":0,"comment_status":"closed","ping_status":"closed","sticky":false,"template":"","format":"standard","meta":{"_bbp_topic_count":0,"_bbp_reply_count":0,"_bbp_total_topic_count":0,"_bbp_total_reply_count":0,"_bbp_voice_count":0,"_bbp_anonymous_reply_count":0,"_bbp_topic_count_hidden":0,"_bbp_reply_count_hidden":0,"_bbp_forum_subforum_count":0,"footnotes":""},"categories":[1,3,4],"tags":[],"class_list":["post-36878","post","type-post","status-publish","format-standard","hentry","category-general","category-i3","category-portada"],"post_mailing_queue_ids":[],"_links":{"self":[{"href":"https:\/\/agora.xtec.cat\/escolapaisoscatalans\/wp-json\/wp\/v2\/posts\/36878","targetHints":{"allow":["GET"]}}],"collection":[{"href":"https:\/\/agora.xtec.cat\/escolapaisoscatalans\/wp-json\/wp\/v2\/posts"}],"about":[{"href":"https:\/\/agora.xtec.cat\/escolapaisoscatalans\/wp-json\/wp\/v2\/types\/post"}],"author":[{"embeddable":true,"href":"https:\/\/agora.xtec.cat\/escolapaisoscatalans\/wp-json\/wp\/v2\/users\/7"}],"replies":[{"embeddable":true,"href":"https:\/\/agora.xtec.cat\/escolapaisoscatalans\/wp-json\/wp\/v2\/comments?post=36878"}],"version-history":[{"count":6,"href":"https:\/\/agora.xtec.cat\/escolapaisoscatalans\/wp-json\/wp\/v2\/posts\/36878\/revisions"}],"predecessor-version":[{"id":36900,"href":"https:\/\/agora.xtec.cat\/escolapaisoscatalans\/wp-json\/wp\/v2\/posts\/36878\/revisions\/36900"}],"wp:attachment":[{"href":"https:\/\/agora.xtec.cat\/escolapaisoscatalans\/wp-json\/wp\/v2\/media?parent=36878"}],"wp:term":[{"taxonomy":"category","embeddable":true,"href":"https:\/\/agora.xtec.cat\/escolapaisoscatalans\/wp-json\/wp\/v2\/categories?post=36878"},{"taxonomy":"post_tag","embeddable":true,"href":"https:\/\/agora.xtec.cat\/escolapaisoscatalans\/wp-json\/wp\/v2\/tags?post=36878"}],"curies":[{"name":"wp","href":"https:\/\/api.w.org\/{rel}","templated":true}]}}