{"id":36127,"date":"2025-04-24T13:47:14","date_gmt":"2025-04-24T11:47:14","guid":{"rendered":"https:\/\/agora.xtec.cat\/escolapaisoscatalans\/?p=36127"},"modified":"2025-04-24T13:50:16","modified_gmt":"2025-04-24T11:50:16","slug":"exposicio-projecte-les-supernova-2","status":"publish","type":"post","link":"https:\/\/agora.xtec.cat\/escolapaisoscatalans\/5e\/exposicio-projecte-les-supernova-2\/","title":{"rendered":"Exposici\u00f3 projecte &#8220;Les Supernova&#8221;"},"content":{"rendered":"<p style=\"text-align: justify;\">El passat 8 d&#8217;abril, la classe de &#8220;Les Supernova&#8221; va tenir el gust de compartir amb les seves fam\u00edlies els coneixements que hem adquirit en relaci\u00f3 al tema de l&#8217;Univers.<\/p>\n<p style=\"text-align: justify;\">Ha estat un final de projecte molt especial i emotiu on s&#8217;ha pogut comprovar la gran tasca que ha realitzat al llarg del curs l&#8217;alumnat de cinqu\u00e8.<\/p>\n<p style=\"text-align: justify;\">Gr\u00e0cies fam\u00edlies, pel vostre recolzament i suport! A continuaci\u00f3 podreu veure un petit recull d&#8217;imatges del gran dia.\u00a0<a href=\"https:\/\/agora.xtec.cat\/escolapaisoscatalans\/general\/exposicio-projecte-les-supernova\/\"><br \/>\n<img loading=\"lazy\" decoding=\"async\" class=\"aligncenter wp-image-36129\" src=\"https:\/\/agora.xtec.cat\/escolapaisoscatalans\/wp-content\/uploads\/usu491\/2025\/04\/LES-SUPERNOVA-5E-B-REDUIT-1024x724.png\" alt=\"\" width=\"386\" height=\"273\" srcset=\"https:\/\/agora.xtec.cat\/escolapaisoscatalans\/wp-content\/uploads\/usu491\/2025\/04\/LES-SUPERNOVA-5E-B-REDUIT-1024x724.png 1024w, https:\/\/agora.xtec.cat\/escolapaisoscatalans\/wp-content\/uploads\/usu491\/2025\/04\/LES-SUPERNOVA-5E-B-REDUIT-300x212.png 300w, https:\/\/agora.xtec.cat\/escolapaisoscatalans\/wp-content\/uploads\/usu491\/2025\/04\/LES-SUPERNOVA-5E-B-REDUIT-768x543.png 768w, https:\/\/agora.xtec.cat\/escolapaisoscatalans\/wp-content\/uploads\/usu491\/2025\/04\/LES-SUPERNOVA-5E-B-REDUIT-1536x1086.png 1536w, https:\/\/agora.xtec.cat\/escolapaisoscatalans\/wp-content\/uploads\/usu491\/2025\/04\/LES-SUPERNOVA-5E-B-REDUIT.png 2000w\" sizes=\"auto, (max-width: 386px) 100vw, 386px\" \/><\/a><\/p>\n","protected":false},"excerpt":{"rendered":"<p>El passat 8 d&#8217;abril, la classe de &#8220;Les Supernova&#8221; va tenir el gust de compartir amb les seves fam\u00edlies els coneixements que hem adquirit en relaci\u00f3 al tema de l&#8217;Univers. Ha estat un final de projecte molt especial i emotiu on s&#8217;ha pogut comprovar la gran tasca que ha realitzat al llarg del curs l&#8217;alumnat [&hellip;]<\/p>\n","protected":false},"author":13,"featured_media":36129,"comment_status":"closed","ping_status":"closed","sticky":false,"template":"","format":"standard","meta":{"_bbp_topic_count":0,"_bbp_reply_count":0,"_bbp_total_topic_count":0,"_bbp_total_reply_count":0,"_bbp_voice_count":0,"_bbp_anonymous_reply_count":0,"_bbp_topic_count_hidden":0,"_bbp_reply_count_hidden":0,"_bbp_forum_subforum_count":0,"site-sidebar-layout":"default","site-content-layout":"","ast-site-content-layout":"","site-content-style":"default","site-sidebar-style":"default","ast-global-header-display":"","ast-banner-title-visibility":"","ast-main-header-display":"","ast-hfb-above-header-display":"","ast-hfb-below-header-display":"","ast-hfb-mobile-header-display":"","site-post-title":"","ast-breadcrumbs-content":"","ast-featured-img":"","footer-sml-layout":"","theme-transparent-header-meta":"","adv-header-id-meta":"","stick-header-meta":"","header-above-stick-meta":"","header-main-stick-meta":"","header-below-stick-meta":"","astra-migrate-meta-layouts":"default","ast-page-background-enabled":"default","ast-page-background-meta":{"desktop":{"background-color":"var(--ast-global-color-4)","background-image":"","background-repeat":"repeat","background-position":"center center","background-size":"auto","background-attachment":"scroll","background-type":"","background-media":"","overlay-type":"","overlay-color":"","overlay-opacity":"","overlay-gradient":""},"tablet":{"background-color":"","background-image":"","background-repeat":"repeat","background-position":"center center","background-size":"auto","background-attachment":"scroll","background-type":"","background-media":"","overlay-type":"","overlay-color":"","overlay-opacity":"","overlay-gradient":""},"mobile":{"background-color":"","background-image":"","background-repeat":"repeat","background-position":"center center","background-size":"auto","background-attachment":"scroll","background-type":"","background-media":"","overlay-type":"","overlay-color":"","overlay-opacity":"","overlay-gradient":""}},"ast-content-background-meta":{"desktop":{"background-color":"var(--ast-global-color-5)","background-image":"","background-repeat":"repeat","background-position":"center center","background-size":"auto","background-attachment":"scroll","background-type":"","background-media":"","overlay-type":"","overlay-color":"","overlay-opacity":"","overlay-gradient":""},"tablet":{"background-color":"var(--ast-global-color-5)","background-image":"","background-repeat":"repeat","background-position":"center center","background-size":"auto","background-attachment":"scroll","background-type":"","background-media":"","overlay-type":"","overlay-color":"","overlay-opacity":"","overlay-gradient":""},"mobile":{"background-color":"var(--ast-global-color-5)","background-image":"","background-repeat":"repeat","background-position":"center center","background-size":"auto","background-attachment":"scroll","background-type":"","background-media":"","overlay-type":"","overlay-color":"","overlay-opacity":"","overlay-gradient":""}},"footnotes":""},"categories":[14],"tags":[],"class_list":["post-36127","post","type-post","status-publish","format-standard","has-post-thumbnail","hentry","category-5e"],"post_mailing_queue_ids":[],"_links":{"self":[{"href":"https:\/\/agora.xtec.cat\/escolapaisoscatalans\/wp-json\/wp\/v2\/posts\/36127","targetHints":{"allow":["GET"]}}],"collection":[{"href":"https:\/\/agora.xtec.cat\/escolapaisoscatalans\/wp-json\/wp\/v2\/posts"}],"about":[{"href":"https:\/\/agora.xtec.cat\/escolapaisoscatalans\/wp-json\/wp\/v2\/types\/post"}],"author":[{"embeddable":true,"href":"https:\/\/agora.xtec.cat\/escolapaisoscatalans\/wp-json\/wp\/v2\/users\/13"}],"replies":[{"embeddable":true,"href":"https:\/\/agora.xtec.cat\/escolapaisoscatalans\/wp-json\/wp\/v2\/comments?post=36127"}],"version-history":[{"count":3,"href":"https:\/\/agora.xtec.cat\/escolapaisoscatalans\/wp-json\/wp\/v2\/posts\/36127\/revisions"}],"predecessor-version":[{"id":36140,"href":"https:\/\/agora.xtec.cat\/escolapaisoscatalans\/wp-json\/wp\/v2\/posts\/36127\/revisions\/36140"}],"wp:featuredmedia":[{"embeddable":true,"href":"https:\/\/agora.xtec.cat\/escolapaisoscatalans\/wp-json\/wp\/v2\/media\/36129"}],"wp:attachment":[{"href":"https:\/\/agora.xtec.cat\/escolapaisoscatalans\/wp-json\/wp\/v2\/media?parent=36127"}],"wp:term":[{"taxonomy":"category","embeddable":true,"href":"https:\/\/agora.xtec.cat\/escolapaisoscatalans\/wp-json\/wp\/v2\/categories?post=36127"},{"taxonomy":"post_tag","embeddable":true,"href":"https:\/\/agora.xtec.cat\/escolapaisoscatalans\/wp-json\/wp\/v2\/tags?post=36127"}],"curies":[{"name":"wp","href":"https:\/\/api.w.org\/{rel}","templated":true}]}}