{"id":35971,"date":"2025-04-07T01:25:12","date_gmt":"2025-04-06T23:25:12","guid":{"rendered":"https:\/\/agora.xtec.cat\/escolapaisoscatalans\/?p=35971"},"modified":"2025-04-10T22:46:46","modified_gmt":"2025-04-10T20:46:46","slug":"gimcana-de-salut-a-3r-2","status":"publish","type":"post","link":"https:\/\/agora.xtec.cat\/escolapaisoscatalans\/portada\/gimcana-de-salut-a-3r-2\/","title":{"rendered":"Gimcana de Salut a 3r"},"content":{"rendered":"<p><a href=\"https:\/\/agora.xtec.cat\/escolapaisoscatalans\/wp-content\/uploads\/usu491\/2025\/04\/IMG_20250404_122305-scaled.jpg\"><img loading=\"lazy\" decoding=\"async\" class=\"alignnone wp-image-35972\" src=\"https:\/\/agora.xtec.cat\/escolapaisoscatalans\/wp-content\/uploads\/usu491\/2025\/04\/IMG_20250404_122305-1024x768.jpg\" alt=\"\" width=\"363\" height=\"272\" srcset=\"https:\/\/agora.xtec.cat\/escolapaisoscatalans\/wp-content\/uploads\/usu491\/2025\/04\/IMG_20250404_122305-1024x768.jpg 1024w, https:\/\/agora.xtec.cat\/escolapaisoscatalans\/wp-content\/uploads\/usu491\/2025\/04\/IMG_20250404_122305-300x225.jpg 300w, https:\/\/agora.xtec.cat\/escolapaisoscatalans\/wp-content\/uploads\/usu491\/2025\/04\/IMG_20250404_122305-768x576.jpg 768w, https:\/\/agora.xtec.cat\/escolapaisoscatalans\/wp-content\/uploads\/usu491\/2025\/04\/IMG_20250404_122305-1536x1152.jpg 1536w, https:\/\/agora.xtec.cat\/escolapaisoscatalans\/wp-content\/uploads\/usu491\/2025\/04\/IMG_20250404_122305-2048x1536.jpg 2048w, https:\/\/agora.xtec.cat\/escolapaisoscatalans\/wp-content\/uploads\/usu491\/2025\/04\/IMG_20250404_122305-200x150.jpg 200w\" sizes=\"auto, (max-width: 363px) 100vw, 363px\" \/><\/a> <a href=\"https:\/\/agora.xtec.cat\/escolapaisoscatalans\/wp-content\/uploads\/usu491\/2025\/04\/IMG_20250404_122409_1-scaled.jpg\"><img loading=\"lazy\" decoding=\"async\" class=\"alignnone wp-image-35973\" src=\"https:\/\/agora.xtec.cat\/escolapaisoscatalans\/wp-content\/uploads\/usu491\/2025\/04\/IMG_20250404_122409_1-1024x768.jpg\" alt=\"\" width=\"361\" height=\"271\" srcset=\"https:\/\/agora.xtec.cat\/escolapaisoscatalans\/wp-content\/uploads\/usu491\/2025\/04\/IMG_20250404_122409_1-1024x768.jpg 1024w, https:\/\/agora.xtec.cat\/escolapaisoscatalans\/wp-content\/uploads\/usu491\/2025\/04\/IMG_20250404_122409_1-300x225.jpg 300w, https:\/\/agora.xtec.cat\/escolapaisoscatalans\/wp-content\/uploads\/usu491\/2025\/04\/IMG_20250404_122409_1-768x576.jpg 768w, https:\/\/agora.xtec.cat\/escolapaisoscatalans\/wp-content\/uploads\/usu491\/2025\/04\/IMG_20250404_122409_1-1536x1152.jpg 1536w, https:\/\/agora.xtec.cat\/escolapaisoscatalans\/wp-content\/uploads\/usu491\/2025\/04\/IMG_20250404_122409_1-2048x1536.jpg 2048w, https:\/\/agora.xtec.cat\/escolapaisoscatalans\/wp-content\/uploads\/usu491\/2025\/04\/IMG_20250404_122409_1-200x150.jpg 200w\" sizes=\"auto, (max-width: 361px) 100vw, 361px\" \/><\/a><\/p>\n<p style=\"text-align: justify;\">El divendres passat, 4 d&#8217;abril, l&#8217;alumnat de 3r de l&#8217;escola va poder gaudir de la gimcana que el CAP Onze de Setembre va preparar per a diferents escoles de Lleida, per celebrar el Dia Mundial de l&#8217;Activitat F\u00edsica, el 6 d&#8217;abril, que aquest any queia en diumenge.<\/p>\n<p style=\"text-align: justify;\">Aquesta gimcana est\u00e0 dins del programa Salut i Escola, programa transversal entre el Departament de Salut i el Departament d\u2019Educaci\u00f3 que promou la col\u00b7laboraci\u00f3 dels centres educatius i els serveis de salut comunit\u00e0ria arreu del territori per millorar la salut dels infants mitjan\u00e7ant accions de promoci\u00f3 de la salut i altres.<\/p>\n<p style=\"text-align: justify;\">Les nenes i nens van realitzar un seguit de proves relacionades amb la salut i en cada una d&#8217;elles havien d&#8217;aconseguir un \u00f2rgan o part del cos hum\u00e0, per acabar construint el cos hum\u00e0. En finalitzar la gimcana se&#8217;l van poder emportar a les seves classes amb una poma de regal per a cada un.<\/p>\n<p style=\"text-align: justify;\">Van aprendre, s&#8217;ho van passar genial i van tornar molt contents cap a l&#8217;escola!!!<\/p>\n<p style=\"text-align: justify;\">Aqu\u00ed teniu el recull de <a href=\"https:\/\/agora.xtec.cat\/escolapaisoscatalans\/general\/gimcana-de-salut-a-3r\/\">FOTOS<\/a>.<\/p>\n","protected":false},"excerpt":{"rendered":"<p><a href=\"https:\/\/agora.xtec.cat\/escolapaisoscatalans\/wp-content\/uploads\/usu491\/2025\/04\/IMG_20250404_122305-scaled.jpg\"><\/a> <a href=\"https:\/\/agora.xtec.cat\/escolapaisoscatalans\/wp-content\/uploads\/usu491\/2025\/04\/IMG_20250404_122409_1-scaled.jpg\"><\/a><br \/>\nEl divendres passat, 4 d&#8217;abril, l&#8217;alumnat de 3r de l&#8217;escola va poder gaudir de la gimcana que el CAP Onze de Setembre va preparar per a diferents escoles de Lleida, per celebrar el Dia Mundial de l&#8217;Activitat F\u00edsica, el 6 d&#8217;abril, que&hellip;  <a href=\"https:\/\/agora.xtec.cat\/escolapaisoscatalans\/portada\/gimcana-de-salut-a-3r-2\/\" title=\"Read Gimcana de Salut a 3r\">Llegeix m\u00e9s\u00bb<\/a><\/p>\n","protected":false},"author":19,"featured_media":0,"comment_status":"closed","ping_status":"closed","sticky":false,"template":"","format":"standard","meta":{"_bbp_topic_count":0,"_bbp_reply_count":0,"_bbp_total_topic_count":0,"_bbp_total_reply_count":0,"_bbp_voice_count":0,"_bbp_anonymous_reply_count":0,"_bbp_topic_count_hidden":0,"_bbp_reply_count_hidden":0,"_bbp_forum_subforum_count":0,"footnotes":""},"categories":[12,268,4],"tags":[],"class_list":["post-35971","post","type-post","status-publish","format-standard","hentry","category-3r","category-educacio-fisica","category-portada"],"post_mailing_queue_ids":[],"_links":{"self":[{"href":"https:\/\/agora.xtec.cat\/escolapaisoscatalans\/wp-json\/wp\/v2\/posts\/35971","targetHints":{"allow":["GET"]}}],"collection":[{"href":"https:\/\/agora.xtec.cat\/escolapaisoscatalans\/wp-json\/wp\/v2\/posts"}],"about":[{"href":"https:\/\/agora.xtec.cat\/escolapaisoscatalans\/wp-json\/wp\/v2\/types\/post"}],"author":[{"embeddable":true,"href":"https:\/\/agora.xtec.cat\/escolapaisoscatalans\/wp-json\/wp\/v2\/users\/19"}],"replies":[{"embeddable":true,"href":"https:\/\/agora.xtec.cat\/escolapaisoscatalans\/wp-json\/wp\/v2\/comments?post=35971"}],"version-history":[{"count":3,"href":"https:\/\/agora.xtec.cat\/escolapaisoscatalans\/wp-json\/wp\/v2\/posts\/35971\/revisions"}],"predecessor-version":[{"id":35979,"href":"https:\/\/agora.xtec.cat\/escolapaisoscatalans\/wp-json\/wp\/v2\/posts\/35971\/revisions\/35979"}],"wp:attachment":[{"href":"https:\/\/agora.xtec.cat\/escolapaisoscatalans\/wp-json\/wp\/v2\/media?parent=35971"}],"wp:term":[{"taxonomy":"category","embeddable":true,"href":"https:\/\/agora.xtec.cat\/escolapaisoscatalans\/wp-json\/wp\/v2\/categories?post=35971"},{"taxonomy":"post_tag","embeddable":true,"href":"https:\/\/agora.xtec.cat\/escolapaisoscatalans\/wp-json\/wp\/v2\/tags?post=35971"}],"curies":[{"name":"wp","href":"https:\/\/api.w.org\/{rel}","templated":true}]}}