{"id":35825,"date":"2025-04-04T13:10:25","date_gmt":"2025-04-04T11:10:25","guid":{"rendered":"https:\/\/agora.xtec.cat\/escolapaisoscatalans\/?p=35825"},"modified":"2025-04-04T13:13:16","modified_gmt":"2025-04-04T11:13:16","slug":"espais-i3-setmanes-del-17-de-marc-al-4-abril-2","status":"publish","type":"post","link":"https:\/\/agora.xtec.cat\/escolapaisoscatalans\/i3\/espais-i3-setmanes-del-17-de-marc-al-4-abril-2\/","title":{"rendered":"Espais I3  setmanes del 17 de mar\u00e7 al 4 abril"},"content":{"rendered":"<p data-pm-slice=\"1 1 []\"><strong>Benvolgudes fam\u00edlies d&#8217;I3!<\/strong><\/p>\n<p data-pm-slice=\"1 1 []\">Durant aquestes tres \u00faltimes setmanes, als espais d&#8217;aprenentatge hem treballat diferents emocions (Alegria, l&#8217;amor, la r\u00e0bia, la calma i la por) i hem dut a terme activitats molt enriquidores. Aqu\u00ed teniu un resum del que hem treballat:<\/p>\n<p><strong>Espai art\u00edstic<\/strong><\/p>\n<ul>\n<li>Fem un collage per treballar l&#8217;alegria.<\/li>\n<li>Amb pintura i una palla expressem la r\u00e0bia.<\/li>\n<li>Fem una producci\u00f3 amb pintura i un missatge secret per treballar l&#8217;Amor.<\/li>\n<\/ul>\n<p><strong>Espai matem\u00e0tic<\/strong><\/p>\n<ul>\n<li>Experimentem amb els cilindres Montessori.<\/li>\n<li>Manipulem amb els fusos i relacionem quantitat i grafia.<\/li>\n<li>Fem una autoavaluaci\u00f3 de les emocions.<\/li>\n<\/ul>\n<p><strong>Espai de motricitat fina<\/strong><\/p>\n<ul>\n<li>Creem el nostre propi\u00a0 &#8220;Atrapa pors&#8221;.<\/li>\n<li>Fem un n\u00favol amb gotes de llana per simbolitzar la tristesa.<\/li>\n<li>Dissenyem el nostre propi collaret amb macarrons de diferents colors.<\/li>\n<\/ul>\n<p><strong>Espai ling\u00fc\u00edstic<\/strong><\/p>\n<ul>\n<li>Presentem les vocals (i, o i la u) amb la caixa dels sons i els disquets de consci\u00e8ncia fonol\u00f2gica).<\/li>\n<\/ul>\n<p><strong>Espai minimons<\/strong><\/p>\n<ul>\n<li>Representem diferents contes d&#8217;emocions treballats a l&#8217;aula\u00a0&#8221; Alegria&#8221; i &#8220;l&#8217; Abra\u00e7ada&#8221;<\/li>\n<li>Recreem la festa de la mona i\u00a0 la pasqua amb diferents elements representatius (ous,plomes,pollets..)<\/li>\n<\/ul>\n<p><strong>Espai de joc simb\u00f2lic<\/strong><\/p>\n<ul>\n<li><strong>I3 A (Cuineta):<\/strong> Joc simb\u00f2lic utilitzant estructures verbals adequades i explorant els diferents rols.<\/li>\n<li><strong>I3 B (Espai dom\u00e8stic):<\/strong> Experimentaci\u00f3 en el joc simb\u00f2lic, assumint rols i interactuant verbalment.<\/li>\n<\/ul>\n<p>Podeu veure les imatges clicant a la fotografia seg\u00fcent!<\/p>\n<p><a href=\"https:\/\/agora.xtec.cat\/escolapaisoscatalans\/general\/espais-i3-setmanes-del-17-de-marc-al-4-abril\/\"><img loading=\"lazy\" decoding=\"async\" class=\"alignnone wp-image-35896\" src=\"https:\/\/agora.xtec.cat\/escolapaisoscatalans\/wp-content\/uploads\/usu491\/2025\/04\/P50404-130200-1024x852.jpg\" alt=\"\" width=\"258\" height=\"215\" srcset=\"https:\/\/agora.xtec.cat\/escolapaisoscatalans\/wp-content\/uploads\/usu491\/2025\/04\/P50404-130200-1024x852.jpg 1024w, https:\/\/agora.xtec.cat\/escolapaisoscatalans\/wp-content\/uploads\/usu491\/2025\/04\/P50404-130200-300x250.jpg 300w, https:\/\/agora.xtec.cat\/escolapaisoscatalans\/wp-content\/uploads\/usu491\/2025\/04\/P50404-130200-768x639.jpg 768w, https:\/\/agora.xtec.cat\/escolapaisoscatalans\/wp-content\/uploads\/usu491\/2025\/04\/P50404-130200-1536x1278.jpg 1536w, https:\/\/agora.xtec.cat\/escolapaisoscatalans\/wp-content\/uploads\/usu491\/2025\/04\/P50404-130200-2048x1705.jpg 2048w\" sizes=\"auto, (max-width: 258px) 100vw, 258px\" \/><\/a><\/p>\n","protected":false},"excerpt":{"rendered":"<p>Benvolgudes fam\u00edlies d&#8217;I3! Durant aquestes tres \u00faltimes setmanes, als espais d&#8217;aprenentatge hem treballat diferents emocions (Alegria, l&#8217;amor, la r\u00e0bia, la calma i la por) i hem dut a terme activitats molt enriquidores. Aqu\u00ed teniu un resum del que hem treballat: Espai art\u00edstic Fem un collage per treballar l&#8217;alegria. Amb pintura i una palla expressem la [&hellip;]<\/p>\n","protected":false},"author":7,"featured_media":0,"comment_status":"closed","ping_status":"closed","sticky":false,"template":"","format":"standard","meta":{"_bbp_topic_count":0,"_bbp_reply_count":0,"_bbp_total_topic_count":0,"_bbp_total_reply_count":0,"_bbp_voice_count":0,"_bbp_anonymous_reply_count":0,"_bbp_topic_count_hidden":0,"_bbp_reply_count_hidden":0,"_bbp_forum_subforum_count":0,"site-sidebar-layout":"default","site-content-layout":"","ast-site-content-layout":"","site-content-style":"default","site-sidebar-style":"default","ast-global-header-display":"","ast-banner-title-visibility":"","ast-main-header-display":"","ast-hfb-above-header-display":"","ast-hfb-below-header-display":"","ast-hfb-mobile-header-display":"","site-post-title":"","ast-breadcrumbs-content":"","ast-featured-img":"","footer-sml-layout":"","theme-transparent-header-meta":"","adv-header-id-meta":"","stick-header-meta":"","header-above-stick-meta":"","header-main-stick-meta":"","header-below-stick-meta":"","astra-migrate-meta-layouts":"default","ast-page-background-enabled":"default","ast-page-background-meta":{"desktop":{"background-color":"var(--ast-global-color-4)","background-image":"","background-repeat":"repeat","background-position":"center center","background-size":"auto","background-attachment":"scroll","background-type":"","background-media":"","overlay-type":"","overlay-color":"","overlay-opacity":"","overlay-gradient":""},"tablet":{"background-color":"","background-image":"","background-repeat":"repeat","background-position":"center center","background-size":"auto","background-attachment":"scroll","background-type":"","background-media":"","overlay-type":"","overlay-color":"","overlay-opacity":"","overlay-gradient":""},"mobile":{"background-color":"","background-image":"","background-repeat":"repeat","background-position":"center center","background-size":"auto","background-attachment":"scroll","background-type":"","background-media":"","overlay-type":"","overlay-color":"","overlay-opacity":"","overlay-gradient":""}},"ast-content-background-meta":{"desktop":{"background-color":"var(--ast-global-color-5)","background-image":"","background-repeat":"repeat","background-position":"center center","background-size":"auto","background-attachment":"scroll","background-type":"","background-media":"","overlay-type":"","overlay-color":"","overlay-opacity":"","overlay-gradient":""},"tablet":{"background-color":"var(--ast-global-color-5)","background-image":"","background-repeat":"repeat","background-position":"center center","background-size":"auto","background-attachment":"scroll","background-type":"","background-media":"","overlay-type":"","overlay-color":"","overlay-opacity":"","overlay-gradient":""},"mobile":{"background-color":"var(--ast-global-color-5)","background-image":"","background-repeat":"repeat","background-position":"center center","background-size":"auto","background-attachment":"scroll","background-type":"","background-media":"","overlay-type":"","overlay-color":"","overlay-opacity":"","overlay-gradient":""}},"footnotes":""},"categories":[3],"tags":[],"class_list":["post-35825","post","type-post","status-publish","format-standard","hentry","category-i3"],"post_mailing_queue_ids":[],"_links":{"self":[{"href":"https:\/\/agora.xtec.cat\/escolapaisoscatalans\/wp-json\/wp\/v2\/posts\/35825","targetHints":{"allow":["GET"]}}],"collection":[{"href":"https:\/\/agora.xtec.cat\/escolapaisoscatalans\/wp-json\/wp\/v2\/posts"}],"about":[{"href":"https:\/\/agora.xtec.cat\/escolapaisoscatalans\/wp-json\/wp\/v2\/types\/post"}],"author":[{"embeddable":true,"href":"https:\/\/agora.xtec.cat\/escolapaisoscatalans\/wp-json\/wp\/v2\/users\/7"}],"replies":[{"embeddable":true,"href":"https:\/\/agora.xtec.cat\/escolapaisoscatalans\/wp-json\/wp\/v2\/comments?post=35825"}],"version-history":[{"count":5,"href":"https:\/\/agora.xtec.cat\/escolapaisoscatalans\/wp-json\/wp\/v2\/posts\/35825\/revisions"}],"predecessor-version":[{"id":36299,"href":"https:\/\/agora.xtec.cat\/escolapaisoscatalans\/wp-json\/wp\/v2\/posts\/35825\/revisions\/36299"}],"wp:attachment":[{"href":"https:\/\/agora.xtec.cat\/escolapaisoscatalans\/wp-json\/wp\/v2\/media?parent=35825"}],"wp:term":[{"taxonomy":"category","embeddable":true,"href":"https:\/\/agora.xtec.cat\/escolapaisoscatalans\/wp-json\/wp\/v2\/categories?post=35825"},{"taxonomy":"post_tag","embeddable":true,"href":"https:\/\/agora.xtec.cat\/escolapaisoscatalans\/wp-json\/wp\/v2\/tags?post=35825"}],"curies":[{"name":"wp","href":"https:\/\/api.w.org\/{rel}","templated":true}]}}