{"id":35798,"date":"2025-03-31T15:43:35","date_gmt":"2025-03-31T13:43:35","guid":{"rendered":"https:\/\/agora.xtec.cat\/escolapaisoscatalans\/?p=35798"},"modified":"2025-04-01T07:16:15","modified_gmt":"2025-04-01T05:16:15","slug":"visita-al-museu-dart-la-panera-3","status":"publish","type":"post","link":"https:\/\/agora.xtec.cat\/escolapaisoscatalans\/general\/visita-al-museu-dart-la-panera-3\/","title":{"rendered":"Visita al museu d&#8217;art la Panera"},"content":{"rendered":"<p style=\"text-align: justify;\">El passat divendres 28 de mar\u00e7, l&#8217;alumnat de 2n vam poder gaudir d&#8217;una magn\u00edfica exposici\u00f3 al museu d&#8217;art <strong>La Panera.<\/strong> Aquesta, duia com a t\u00edtol <strong>Humans Build The Biggest Nests<\/strong>, d&#8217;Isaac King.<\/p>\n<p style=\"text-align: justify;\">Vam descobrir un flipbook gegant, tot combinant l&#8217;animaci\u00f3 i la narraci\u00f3 de contes, on l&#8217;educaci\u00f3 ecol\u00f2gica era el punt de partida. Aquesta reproducci\u00f3 ens va permetre participar en un bonic di\u00e0leg compartit, tot reflexionant sobre l&#8217;impacte de l&#8217;\u00e8sser hum\u00e0 a la\u00a0 natura. A m\u00e9s a m\u00e9s, un cop a l&#8217;aula, vam poder elaborar el nostre flipbook personal.<\/p>\n<p style=\"text-align: justify;\">Va ser una sortida genial!<\/p>\n<p style=\"text-align: justify;\">Voleu veure les nostres fotos? <strong>feu clic!\u00a0<\/strong><\/p>\n<p><a href=\"https:\/\/agora.xtec.cat\/escolapaisoscatalans\/general\/visita-al-museu-dart-la-panera-4\/\"><img loading=\"lazy\" decoding=\"async\" class=\"alignleft size-full wp-image-35799\" src=\"https:\/\/agora.xtec.cat\/escolapaisoscatalans\/wp-content\/uploads\/usu491\/2025\/03\/flipbook.jpg\" alt=\"\" width=\"255\" height=\"198\" \/><\/a><\/p>\n","protected":false},"excerpt":{"rendered":"<p>El passat divendres 28 de mar\u00e7, l&#8217;alumnat de 2n vam poder gaudir d&#8217;una magn\u00edfica exposici\u00f3 al museu d&#8217;art La Panera. Aquesta, duia com a t\u00edtol Humans Build The Biggest Nests, d&#8217;Isaac King.<br \/>\nVam descobrir un flipbook gegant, tot combinant l&#8217;animaci\u00f3 i la narraci\u00f3 de contes, on&hellip;  <a href=\"https:\/\/agora.xtec.cat\/escolapaisoscatalans\/general\/visita-al-museu-dart-la-panera-3\/\" title=\"Read Visita al museu d&#8217;art la Panera\">Llegeix m\u00e9s\u00bb<\/a><\/p>\n","protected":false},"author":11,"featured_media":0,"comment_status":"open","ping_status":"closed","sticky":false,"template":"","format":"standard","meta":{"_bbp_topic_count":0,"_bbp_reply_count":0,"_bbp_total_topic_count":0,"_bbp_total_reply_count":0,"_bbp_voice_count":0,"_bbp_anonymous_reply_count":0,"_bbp_topic_count_hidden":0,"_bbp_reply_count_hidden":0,"_bbp_forum_subforum_count":0,"footnotes":""},"categories":[11,1,4],"tags":[],"class_list":["post-35798","post","type-post","status-publish","format-standard","hentry","category-2n","category-general","category-portada"],"post_mailing_queue_ids":[],"_links":{"self":[{"href":"https:\/\/agora.xtec.cat\/escolapaisoscatalans\/wp-json\/wp\/v2\/posts\/35798","targetHints":{"allow":["GET"]}}],"collection":[{"href":"https:\/\/agora.xtec.cat\/escolapaisoscatalans\/wp-json\/wp\/v2\/posts"}],"about":[{"href":"https:\/\/agora.xtec.cat\/escolapaisoscatalans\/wp-json\/wp\/v2\/types\/post"}],"author":[{"embeddable":true,"href":"https:\/\/agora.xtec.cat\/escolapaisoscatalans\/wp-json\/wp\/v2\/users\/11"}],"replies":[{"embeddable":true,"href":"https:\/\/agora.xtec.cat\/escolapaisoscatalans\/wp-json\/wp\/v2\/comments?post=35798"}],"version-history":[{"count":4,"href":"https:\/\/agora.xtec.cat\/escolapaisoscatalans\/wp-json\/wp\/v2\/posts\/35798\/revisions"}],"predecessor-version":[{"id":35806,"href":"https:\/\/agora.xtec.cat\/escolapaisoscatalans\/wp-json\/wp\/v2\/posts\/35798\/revisions\/35806"}],"wp:attachment":[{"href":"https:\/\/agora.xtec.cat\/escolapaisoscatalans\/wp-json\/wp\/v2\/media?parent=35798"}],"wp:term":[{"taxonomy":"category","embeddable":true,"href":"https:\/\/agora.xtec.cat\/escolapaisoscatalans\/wp-json\/wp\/v2\/categories?post=35798"},{"taxonomy":"post_tag","embeddable":true,"href":"https:\/\/agora.xtec.cat\/escolapaisoscatalans\/wp-json\/wp\/v2\/tags?post=35798"}],"curies":[{"name":"wp","href":"https:\/\/api.w.org\/{rel}","templated":true}]}}