{"id":35095,"date":"2025-03-04T20:44:07","date_gmt":"2025-03-04T19:44:07","guid":{"rendered":"https:\/\/agora.xtec.cat\/escolapaisoscatalans\/?p=35095"},"modified":"2025-03-05T14:52:51","modified_gmt":"2025-03-05T13:52:51","slug":"ed-viaria-parc-del-transit-2","status":"publish","type":"post","link":"https:\/\/agora.xtec.cat\/escolapaisoscatalans\/portada\/ed-viaria-parc-del-transit-2\/","title":{"rendered":"Ed. Vi\u00e0ria Parc del Tr\u00e0nsit 3r"},"content":{"rendered":"<p style=\"text-align: justify;\">Aquesta<span style=\"font-family: inherit; font-size: 1em;\"> tarda, la classe dels tornados hem visitat el parc del tr\u00e0nsit on hem pogut posar en pr\u00e0ctica tots els coneixements que hem adquirit sobre educaci\u00f3 vi\u00e0ria.<\/span><\/p>\n<p style=\"text-align: justify;\">En arribar ens esperaven els agents que, al llarg de varies sessions, ens han impartit el curs d&#8217;educaci\u00f3 vi\u00e0ria.<\/p>\n<p style=\"text-align: justify;\">Despr\u00e8s de la rebuda ens han ensenyat el circuit i\u00a0 tot seguit ens han dividit en dos grups, on primer uns hem fet de conductors en bicicleta i els altres de vianants. Al cap d&#8217;una estona hem intercanviat els rols.<\/p>\n<p style=\"text-align: justify;\">Sense cap dubte l&#8217;activitat ha estat\u00a0 molt engrescadora i ens ho hem passat s\u00faper!<\/p>\n<p><a href=\"https:\/\/agora.xtec.cat\/escolapaisoscatalans\/general\/ed-viaria-parc-del-transit\/\"><img loading=\"lazy\" decoding=\"async\" class=\"alignnone size-large wp-image-35096\" src=\"https:\/\/agora.xtec.cat\/escolapaisoscatalans\/wp-content\/uploads\/usu491\/2025\/03\/Parc-del-transit-Tornados-min-1024x768.jpg\" alt=\"\" width=\"1024\" height=\"768\" srcset=\"https:\/\/agora.xtec.cat\/escolapaisoscatalans\/wp-content\/uploads\/usu491\/2025\/03\/Parc-del-transit-Tornados-min-1024x768.jpg 1024w, https:\/\/agora.xtec.cat\/escolapaisoscatalans\/wp-content\/uploads\/usu491\/2025\/03\/Parc-del-transit-Tornados-min-300x225.jpg 300w, https:\/\/agora.xtec.cat\/escolapaisoscatalans\/wp-content\/uploads\/usu491\/2025\/03\/Parc-del-transit-Tornados-min-768x576.jpg 768w, https:\/\/agora.xtec.cat\/escolapaisoscatalans\/wp-content\/uploads\/usu491\/2025\/03\/Parc-del-transit-Tornados-min-1536x1152.jpg 1536w, https:\/\/agora.xtec.cat\/escolapaisoscatalans\/wp-content\/uploads\/usu491\/2025\/03\/Parc-del-transit-Tornados-min-2048x1536.jpg 2048w, https:\/\/agora.xtec.cat\/escolapaisoscatalans\/wp-content\/uploads\/usu491\/2025\/03\/Parc-del-transit-Tornados-min-200x150.jpg 200w\" sizes=\"auto, (max-width: 1024px) 100vw, 1024px\" \/><\/a><\/p>\n","protected":false},"excerpt":{"rendered":"<p>Aquesta tarda, la classe dels tornados hem visitat el parc del tr\u00e0nsit on hem pogut posar en pr\u00e0ctica tots els coneixements que hem adquirit sobre educaci\u00f3 vi\u00e0ria.<br \/>\nEn arribar ens esperaven els agents que, al llarg de varies sessions, ens han impartit el curs d&#8217;educaci\u00f3 vi\u00e0ria.<br \/>\nDespr\u00e8s&hellip;  <a href=\"https:\/\/agora.xtec.cat\/escolapaisoscatalans\/portada\/ed-viaria-parc-del-transit-2\/\" title=\"Read Ed. Vi\u00e0ria Parc del Tr\u00e0nsit 3r\">Llegeix m\u00e9s\u00bb<\/a><\/p>\n","protected":false},"author":12,"featured_media":35096,"comment_status":"open","ping_status":"closed","sticky":false,"template":"","format":"standard","meta":{"_bbp_topic_count":0,"_bbp_reply_count":0,"_bbp_total_topic_count":0,"_bbp_total_reply_count":0,"_bbp_voice_count":0,"_bbp_anonymous_reply_count":0,"_bbp_topic_count_hidden":0,"_bbp_reply_count_hidden":0,"_bbp_forum_subforum_count":0,"footnotes":""},"categories":[12,4],"tags":[],"class_list":["post-35095","post","type-post","status-publish","format-standard","has-post-thumbnail","hentry","category-3r","category-portada"],"post_mailing_queue_ids":[],"_links":{"self":[{"href":"https:\/\/agora.xtec.cat\/escolapaisoscatalans\/wp-json\/wp\/v2\/posts\/35095","targetHints":{"allow":["GET"]}}],"collection":[{"href":"https:\/\/agora.xtec.cat\/escolapaisoscatalans\/wp-json\/wp\/v2\/posts"}],"about":[{"href":"https:\/\/agora.xtec.cat\/escolapaisoscatalans\/wp-json\/wp\/v2\/types\/post"}],"author":[{"embeddable":true,"href":"https:\/\/agora.xtec.cat\/escolapaisoscatalans\/wp-json\/wp\/v2\/users\/12"}],"replies":[{"embeddable":true,"href":"https:\/\/agora.xtec.cat\/escolapaisoscatalans\/wp-json\/wp\/v2\/comments?post=35095"}],"version-history":[{"count":6,"href":"https:\/\/agora.xtec.cat\/escolapaisoscatalans\/wp-json\/wp\/v2\/posts\/35095\/revisions"}],"predecessor-version":[{"id":35123,"href":"https:\/\/agora.xtec.cat\/escolapaisoscatalans\/wp-json\/wp\/v2\/posts\/35095\/revisions\/35123"}],"wp:featuredmedia":[{"embeddable":true,"href":"https:\/\/agora.xtec.cat\/escolapaisoscatalans\/wp-json\/wp\/v2\/media\/35096"}],"wp:attachment":[{"href":"https:\/\/agora.xtec.cat\/escolapaisoscatalans\/wp-json\/wp\/v2\/media?parent=35095"}],"wp:term":[{"taxonomy":"category","embeddable":true,"href":"https:\/\/agora.xtec.cat\/escolapaisoscatalans\/wp-json\/wp\/v2\/categories?post=35095"},{"taxonomy":"post_tag","embeddable":true,"href":"https:\/\/agora.xtec.cat\/escolapaisoscatalans\/wp-json\/wp\/v2\/tags?post=35095"}],"curies":[{"name":"wp","href":"https:\/\/api.w.org\/{rel}","templated":true}]}}