{"id":33024,"date":"2024-10-29T16:23:12","date_gmt":"2024-10-29T15:23:12","guid":{"rendered":"https:\/\/agora.xtec.cat\/escolapaisoscatalans\/?p=33024"},"modified":"2024-11-01T21:14:49","modified_gmt":"2024-11-01T20:14:49","slug":"sortida-di4-al-petit-atelier-2","status":"publish","type":"post","link":"https:\/\/agora.xtec.cat\/escolapaisoscatalans\/portada\/sortida-di4-al-petit-atelier-2\/","title":{"rendered":"Sortida d&#8217;I4 al PETIT ATELIER"},"content":{"rendered":"<p style=\"text-align: justify;\">Avui dimarts els petits i petites d&#8217;I4 hem visitat la Galer\u00eda d&#8217;art del Barri: &#8220;Le Petit Atelier&#8221;. All\u00e0 el Toni ens ha mostrat una exposici\u00f3 d&#8217;art amb moltes pintures i de molts colors diferents.<\/p>\n<p style=\"text-align: justify;\">Ens hem sentit com persones grans gaudint dels quadres i de l&#8217;exposici\u00f3 temporal\u00a0 que hi ha\u00a0 en aquest espai del barri. Els quadres mostraven moltes cares colorides i futuristes, com si fossin autorretrats i eren de l&#8217;autor Miquel Ulloa. L&#8217;exposici\u00f3 es titula MIRADES<\/p>\n<p style=\"text-align: justify;\"><span style=\"font-family: inherit; font-size: 1em;\">Us convidem fam\u00edlies a visitar-la i a gaudir-la tamb\u00e9.<\/span><\/p>\n<p><a href=\"https:\/\/agora.xtec.cat\/escolapaisoscatalans\/general\/sortida-di4-al-petit-atelier\/\" rel=\"attachment wp-att-33019\"><img loading=\"lazy\" decoding=\"async\" class=\"aligncenter wp-image-33019 size-medium\" src=\"https:\/\/agora.xtec.cat\/escolapaisoscatalans\/wp-content\/uploads\/usu491\/2024\/10\/cache_27049271-300x111.jpg\" alt=\"\" width=\"300\" height=\"111\" srcset=\"https:\/\/agora.xtec.cat\/escolapaisoscatalans\/wp-content\/uploads\/usu491\/2024\/10\/cache_27049271-300x111.jpg 300w, https:\/\/agora.xtec.cat\/escolapaisoscatalans\/wp-content\/uploads\/usu491\/2024\/10\/cache_27049271-1024x380.jpg 1024w, https:\/\/agora.xtec.cat\/escolapaisoscatalans\/wp-content\/uploads\/usu491\/2024\/10\/cache_27049271-768x285.jpg 768w, https:\/\/agora.xtec.cat\/escolapaisoscatalans\/wp-content\/uploads\/usu491\/2024\/10\/cache_27049271-1536x570.jpg 1536w, https:\/\/agora.xtec.cat\/escolapaisoscatalans\/wp-content\/uploads\/usu491\/2024\/10\/cache_27049271.jpg 1903w\" sizes=\"auto, (max-width: 300px) 100vw, 300px\" \/><\/a><\/p>\n","protected":false},"excerpt":{"rendered":"<p>Avui dimarts els petits i petites d&#8217;I4 hem visitat la Galer\u00eda d&#8217;art del Barri: &#8220;Le Petit Atelier&#8221;. All\u00e0 el Toni ens ha mostrat una exposici\u00f3 d&#8217;art amb moltes pintures i de molts colors diferents. Ens hem sentit com persones grans gaudint dels quadres i de l&#8217;exposici\u00f3 temporal\u00a0 que hi ha\u00a0 en aquest espai del barri. [&hellip;]<\/p>\n","protected":false},"author":8,"featured_media":0,"comment_status":"open","ping_status":"closed","sticky":false,"template":"","format":"standard","meta":{"_bbp_topic_count":0,"_bbp_reply_count":0,"_bbp_total_topic_count":0,"_bbp_total_reply_count":0,"_bbp_voice_count":0,"_bbp_anonymous_reply_count":0,"_bbp_topic_count_hidden":0,"_bbp_reply_count_hidden":0,"_bbp_forum_subforum_count":0,"site-sidebar-layout":"default","site-content-layout":"","ast-site-content-layout":"","site-content-style":"default","site-sidebar-style":"default","ast-global-header-display":"","ast-banner-title-visibility":"","ast-main-header-display":"","ast-hfb-above-header-display":"","ast-hfb-below-header-display":"","ast-hfb-mobile-header-display":"","site-post-title":"","ast-breadcrumbs-content":"","ast-featured-img":"","footer-sml-layout":"","theme-transparent-header-meta":"","adv-header-id-meta":"","stick-header-meta":"","header-above-stick-meta":"","header-main-stick-meta":"","header-below-stick-meta":"","astra-migrate-meta-layouts":"default","ast-page-background-enabled":"default","ast-page-background-meta":{"desktop":{"background-color":"var(--ast-global-color-4)","background-image":"","background-repeat":"repeat","background-position":"center center","background-size":"auto","background-attachment":"scroll","background-type":"","background-media":"","overlay-type":"","overlay-color":"","overlay-opacity":"","overlay-gradient":""},"tablet":{"background-color":"","background-image":"","background-repeat":"repeat","background-position":"center center","background-size":"auto","background-attachment":"scroll","background-type":"","background-media":"","overlay-type":"","overlay-color":"","overlay-opacity":"","overlay-gradient":""},"mobile":{"background-color":"","background-image":"","background-repeat":"repeat","background-position":"center center","background-size":"auto","background-attachment":"scroll","background-type":"","background-media":"","overlay-type":"","overlay-color":"","overlay-opacity":"","overlay-gradient":""}},"ast-content-background-meta":{"desktop":{"background-color":"var(--ast-global-color-5)","background-image":"","background-repeat":"repeat","background-position":"center center","background-size":"auto","background-attachment":"scroll","background-type":"","background-media":"","overlay-type":"","overlay-color":"","overlay-opacity":"","overlay-gradient":""},"tablet":{"background-color":"var(--ast-global-color-5)","background-image":"","background-repeat":"repeat","background-position":"center center","background-size":"auto","background-attachment":"scroll","background-type":"","background-media":"","overlay-type":"","overlay-color":"","overlay-opacity":"","overlay-gradient":""},"mobile":{"background-color":"var(--ast-global-color-5)","background-image":"","background-repeat":"repeat","background-position":"center center","background-size":"auto","background-attachment":"scroll","background-type":"","background-media":"","overlay-type":"","overlay-color":"","overlay-opacity":"","overlay-gradient":""}},"footnotes":""},"categories":[8,4],"tags":[],"class_list":["post-33024","post","type-post","status-publish","format-standard","hentry","category-i4","category-portada"],"post_mailing_queue_ids":[],"_links":{"self":[{"href":"https:\/\/agora.xtec.cat\/escolapaisoscatalans\/wp-json\/wp\/v2\/posts\/33024","targetHints":{"allow":["GET"]}}],"collection":[{"href":"https:\/\/agora.xtec.cat\/escolapaisoscatalans\/wp-json\/wp\/v2\/posts"}],"about":[{"href":"https:\/\/agora.xtec.cat\/escolapaisoscatalans\/wp-json\/wp\/v2\/types\/post"}],"author":[{"embeddable":true,"href":"https:\/\/agora.xtec.cat\/escolapaisoscatalans\/wp-json\/wp\/v2\/users\/8"}],"replies":[{"embeddable":true,"href":"https:\/\/agora.xtec.cat\/escolapaisoscatalans\/wp-json\/wp\/v2\/comments?post=33024"}],"version-history":[{"count":6,"href":"https:\/\/agora.xtec.cat\/escolapaisoscatalans\/wp-json\/wp\/v2\/posts\/33024\/revisions"}],"predecessor-version":[{"id":33146,"href":"https:\/\/agora.xtec.cat\/escolapaisoscatalans\/wp-json\/wp\/v2\/posts\/33024\/revisions\/33146"}],"wp:attachment":[{"href":"https:\/\/agora.xtec.cat\/escolapaisoscatalans\/wp-json\/wp\/v2\/media?parent=33024"}],"wp:term":[{"taxonomy":"category","embeddable":true,"href":"https:\/\/agora.xtec.cat\/escolapaisoscatalans\/wp-json\/wp\/v2\/categories?post=33024"},{"taxonomy":"post_tag","embeddable":true,"href":"https:\/\/agora.xtec.cat\/escolapaisoscatalans\/wp-json\/wp\/v2\/tags?post=33024"}],"curies":[{"name":"wp","href":"https:\/\/api.w.org\/{rel}","templated":true}]}}